{"id":2529,"date":"2020-03-11T14:56:02","date_gmt":"2020-03-11T13:56:02","guid":{"rendered":"https:\/\/esthetic.sk\/?p=2529"},"modified":"2020-03-11T14:56:02","modified_gmt":"2020-03-11T13:56:02","slug":"vlasy-ako-z-reklamy","status":"publish","type":"post","link":"https:\/\/esthetic.sk\/en\/blog-en\/vlasy-ako-z-reklamy\/","title":{"rendered":"VLASY AKO Z REKLAMY"},"content":{"rendered":"Kto by nechcel vlasy ako z reklamy? Zdrav\u00e9, hust\u00e9 a profesion\u00e1lne upraven\u00e9 vyzeraj\u00fa kr\u00e1sne, no ko\u013ekokr\u00e1t by z tejto dokonalosti sta\u010dil len zlomok. Aj vy ste si u\u017e povzdychli, \u017ee by ste ich na hlave chceli aspo\u0148 o trochu viac?\r\n\u010clovek s darom bujnej hrivy nad t\u00fdm m\u00e1vne rukou, no ten, ktor\u00fd ka\u017ed\u00fd de\u0148 v zrkadle vid\u00ed svoje JA bez dostatku vlasov, s odhalen\u00fdmi k\u00fatmi \u010di vyt\u0155\u010daj\u00facimi u\u0161ami, o tom vie svoje. Pre mnoh\u00fdch je to tr\u00e1penie, a pritom sa ho d\u00e1 nadobro zbavi\u0165! Alexandra Rozborilov\u00e1 z kliniky Esthetic hovor\u00ed o transplant\u00e1cii vlasov. (<a href=\"https:\/\/esthetic.sk\/esteticka-dermatologia\/vlasy\/transplantacia-vlasov\/\">https:\/\/esthetic.sk\/esteticka-dermatologia\/vlasy\/transplantacia-vlasov\/<\/a>)\r\n\r\n<img loading=\"lazy\" decoding=\"async\" class=\"wp-image-1848 aligncenter\" src=\"https:\/\/esthetic.sk\/wp-content\/uploads\/2019\/11\/WOman-Hair-2-300x193.jpg\" alt=\"\" width=\"398\" height=\"256\" srcset=\"https:\/\/esthetic.sk\/wp-content\/uploads\/2019\/11\/WOman-Hair-2-300x193.jpg 300w, https:\/\/esthetic.sk\/wp-content\/uploads\/2019\/11\/WOman-Hair-2-768x493.jpg 768w, https:\/\/esthetic.sk\/wp-content\/uploads\/2019\/11\/WOman-Hair-2-450x289.jpg 450w, https:\/\/esthetic.sk\/wp-content\/uploads\/2019\/11\/WOman-Hair-2.jpg 800w\" sizes=\"(max-width: 398px) 100vw, 398px\" \/>\r\nNov\u00e9 vlasy, nov\u00fd vzh\u013ead\r\n\u201eTento druh transplant\u00e1cie je modern\u00fdm sp\u00f4sobom, ako vyrie\u0161i\u0165 svoje dlhoro\u010dn\u00e9 tr\u00e1penie s vlasmi, ktor\u00e9 sa \u017eiadnymi vodi\u010dkami ani kr\u00e9mami v\u00fdrazne nezmen\u00ed. Rie\u0161i probl\u00e9m s ple\u0161ivos\u0165ou, rednut\u00edm vlasov a obo\u010dia, zakryje jazvy, ktor\u00e9 mohli osta\u0165 po \u00faraze a zbavili \u010das\u0165 hlavy vlasov,\u201c vymen\u00fava v\u00fdhody modern\u00e9ho z\u00e1kroku. \u201eVykon\u00e1va sa v lok\u00e1lnej anest\u00e9zii a s profesion\u00e1lnym pr\u00edstupom ide o minim\u00e1lne invaz\u00edvny a bezbolestn\u00fd postup v\u0161tepovania nov\u00fdch vlasov. My na klinike pou\u017e\u00edvame postup mikro FUE, \u010do je maxim\u00e1lne presn\u00e1 met\u00f3da v uhle a h\u013abke, pri\u010dom hlava zost\u00e1va bez jaziev.\u201c\r\nJe na samotnom \u010dloveku, ak\u00fd v\u00fdsledok od transplant\u00e1cie vlasov (<a href=\"https:\/\/esthetic.sk\/esteticka-dermatologia\/vlasy\/transplantacia-vlasov\/\">https:\/\/esthetic.sk\/esteticka-dermatologia\/vlasy\/transplantacia-vlasov\/<\/a>) o\u010dak\u00e1va. M\u00f4\u017ee \u00eds\u0165 len o zahustenie, o tzv. transplant\u00e1ciu de novo, ktor\u00e1 rie\u0161i ple\u0161ivos\u0165, pr\u00edpadne sa daj\u00fa vlasy vr\u00e1ti\u0165 aj na miesta, kde u\u017e prirodzene r\u00e1s\u0165 nedok\u00e1zali, teda na miestach jaziev. Ako dop\u013a\u0148a odborn\u00ed\u010dka na kr\u00e1su: \u201eMu\u017eov zrejme pote\u0161\u00ed, \u017ee t\u00fdmto sp\u00f4sobom sa d\u00e1 vylep\u0161i\u0165 i vzh\u013ead brady a \u017eeny ocenia, \u017ee sa takto d\u00e1 vr\u00e1ti\u0165 kr\u00e1sa obo\u010diu. V\u00fdsledkom je \u2013 podobne ako pri transplant\u00e1cii vlasov \u2013 ich obnova do prirodzen\u00e9ho tvaru a z\u00edskan\u00e1 hustota.\u201c\r\n\r\n<img loading=\"lazy\" decoding=\"async\" class=\"wp-image-1849 aligncenter\" src=\"https:\/\/esthetic.sk\/wp-content\/uploads\/2019\/11\/trans-300x131.jpg\" alt=\"\" width=\"382\" height=\"167\" srcset=\"https:\/\/esthetic.sk\/wp-content\/uploads\/2019\/11\/trans-300x131.jpg 300w, https:\/\/esthetic.sk\/wp-content\/uploads\/2019\/11\/trans-768x334.jpg 768w, https:\/\/esthetic.sk\/wp-content\/uploads\/2019\/11\/trans-450x196.jpg 450w, https:\/\/esthetic.sk\/wp-content\/uploads\/2019\/11\/trans.jpg 850w\" sizes=\"(max-width: 382px) 100vw, 382px\" \/>\r\nOdborn\u00fd pr\u00edstup, zaru\u010den\u00fd v\u00fdsledok\r\n<blockquote>\u201ePod\u013ea toho, ak\u00fd je klientov cie\u013e, sa ur\u010duje po\u010det potrebn\u00fdch v\u0161tepov, teda nov\u00fdch vlasov aplikovan\u00fdch do ko\u017ee hlavy,\u201c vysvet\u013euje postup odborn\u00e9ho z\u00e1kroku lek\u00e1rka. \u201eSamozrejme, v\u017edy je najsk\u00f4r konzult\u00e1cia, a\u017e n\u00e1sledne sa rozhoduje o samotnej oper\u00e1cii. Pacient by mal by\u0165 zaka\u017ed\u00fdm upozornen\u00fd aj na pr\u00edpadn\u00e9 rizik\u00e1, ktor\u00fdmi m\u00f4\u017eu by\u0165 bolesti, pr\u00edpadne opuchy, takisto sa tvoria chrasti\u010dky. Na\u0161e sk\u00fasenosti v\u0161ak ukazuj\u00fa, \u017ee pri dodr\u017eiavan\u00ed pokynov pred a po z\u00e1kroku s\u00fa n\u00e1sledky minim\u00e1lne. Chrasty sa zahoja, implantovan\u00e9 v\u0161tepy sa vo v\u00e4\u010d\u0161ine uchytia a rast\u00fa nov\u00e9 vlasy.\u201c\r\n\r\n&nbsp;<\/blockquote>\r\n<img loading=\"lazy\" decoding=\"async\" class=\"wp-image-1850 aligncenter\" src=\"https:\/\/esthetic.sk\/wp-content\/uploads\/2019\/11\/trans1-300x155.jpg\" alt=\"\" width=\"439\" height=\"227\" srcset=\"https:\/\/esthetic.sk\/wp-content\/uploads\/2019\/11\/trans1-300x155.jpg 300w, https:\/\/esthetic.sk\/wp-content\/uploads\/2019\/11\/trans1-768x397.jpg 768w, https:\/\/esthetic.sk\/wp-content\/uploads\/2019\/11\/trans1-1024x530.jpg 1024w, https:\/\/esthetic.sk\/wp-content\/uploads\/2019\/11\/trans1-450x233.jpg 450w, https:\/\/esthetic.sk\/wp-content\/uploads\/2019\/11\/trans1.jpg 1160w\" sizes=\"(max-width: 439px) 100vw, 439px\" \/>\r\n\r\nAko dod\u00e1va, je ve\u013emi d\u00f4le\u017eit\u00e9, aby transplant\u00e1cia vlasov prebehla v odbornom zariaden\u00ed s profesion\u00e1lnym pr\u00edstupom. \u201eIde o \u010dasovo n\u00e1ro\u010dn\u00fa oper\u00e1ciu, ktor\u00e1 si vy\u017eaduje zdravotn\u00edcku odbornos\u0165, presnos\u0165 a kvalitu pr\u00e1ce a tie\u017e schopnos\u0165 reagova\u0165, ak by do\u0161lo k nejakej komplik\u00e1cii,\u201c upozor\u0148uje lek\u00e1rka Alexandra Rozborilov\u00e1. \u201eIde nielen o kr\u00e1su \u010dloveka, ale najm\u00e4 o jeho zdravie, preto by na to mal myslie\u0165. Pri transplant\u00e1cii vlasov ani pri in\u00fdch sk\u00e1\u0161\u013eovac\u00edch met\u00f3dach sa neoplat\u00ed riskova\u0165 a podstupova\u0165 ich v necertifikovan\u00fdch zariadeniach. Na toto upozor\u0148ujem zaka\u017ed\u00fdm\u201c\r\nOdborne vykonan\u00e1 transplant\u00e1cia vlasov (https:\/\/esthetic.sk\/esteticka-dermatologia\/vlasy\/transplantacia-vlasov\/) je tak mo\u017enos\u0165ou, ako sa nadobro zbavi\u0165 svojho tr\u00e1penia a tie\u017e nabra\u0165 potrebn\u00e9 sebavedomie. \u201eVonkaj\u0161ia a vn\u00fatorn\u00e1 kr\u00e1sa s\u00fa \u00fazko prepojen\u00e9,\u201c upozor\u0148uje zo sk\u00fasenosti najzn\u00e1mej\u0161ia slovensk\u00e1 odborn\u00ed\u010dka na kr\u00e1su.\r\n<blockquote>\u201eTreba pozna\u0165 v\u0161etky svoje mo\u017enosti a ak pr\u00e1ve tak\u00fdto z\u00e1krok dok\u00e1\u017ee \u010dloveku zmeni\u0165 \u017eivot k lep\u0161iemu, pre\u010do nie. Za\u017eila som u\u017e mnoho mu\u017eov i \u017eien, ktor\u00ed s transplantovan\u00fdmi vlasmi nanovo o\u017eili a pr\u00e1ve o tom je estetick\u00e1 medic\u00edna.\u201c<\/blockquote>","protected":false},"excerpt":{"rendered":"Kto by nechcel vlasy ako z reklamy? Zdrav\u00e9, hust\u00e9 a profesion\u00e1lne upraven\u00e9 vyzeraj\u00fa kr\u00e1sne, no ko\u013ekokr\u00e1t by z tejto dokonalosti sta\u010dil len zlomok. Aj vy ste si u\u017e povzdychli, \u017ee by ste ich na hlave chceli aspo\u0148 o trochu viac? \u010clovek s darom bujnej hrivy nad t\u00fdm m\u00e1vne rukou, no ten, ktor\u00fd ka\u017ed\u00fd de\u0148 v","protected":false},"author":1,"featured_media":2254,"comment_status":"open","ping_status":"open","sticky":false,"template":"","format":"standard","meta":{"inline_featured_image":false,"footnotes":""},"categories":[17],"tags":[],"class_list":["post-2529","post","type-post","status-publish","format-standard","has-post-thumbnail","hentry","category-blog-en"],"yoast_head":"<!-- This site is optimized with the Yoast SEO plugin v23.7 - https:\/\/yoast.com\/wordpress\/plugins\/seo\/ -->\n<title>VLASY AKO Z REKLAMY | Esthetic Bratislava<\/title>\n<meta name=\"robots\" content=\"index, follow, max-snippet:-1, max-image-preview:large, max-video-preview:-1\" \/>\n<link rel=\"canonical\" href=\"https:\/\/esthetic.sk\/en\/blog-en\/vlasy-ako-z-reklamy\/\" \/>\n<meta property=\"og:locale\" content=\"en_US\" \/>\n<meta property=\"og:type\" content=\"article\" \/>\n<meta property=\"og:title\" content=\"VLASY AKO Z REKLAMY | Esthetic Bratislava\" \/>\n<meta property=\"og:description\" content=\"Kto by nechcel vlasy ako z reklamy? Zdrav\u00e9, hust\u00e9 a profesion\u00e1lne upraven\u00e9 vyzeraj\u00fa kr\u00e1sne, no ko\u013ekokr\u00e1t by z tejto dokonalosti sta\u010dil len zlomok. Aj vy ste si u\u017e povzdychli, \u017ee by ste ich na hlave chceli aspo\u0148 o trochu viac? \u010clovek s darom bujnej hrivy nad t\u00fdm m\u00e1vne rukou, no ten, ktor\u00fd ka\u017ed\u00fd de\u0148 v\" \/>\n<meta property=\"og:url\" content=\"https:\/\/esthetic.sk\/en\/blog-en\/vlasy-ako-z-reklamy\/\" \/>\n<meta property=\"og:site_name\" content=\"Esthetic Bratislava\" \/>\n<meta property=\"article:publisher\" content=\"https:\/\/www.facebook.com\/Klinikaesthetic\" \/>\n<meta property=\"article:published_time\" content=\"2020-03-11T13:56:02+00:00\" \/>\n<meta property=\"og:image\" content=\"https:\/\/esthetic.sk\/wp-content\/uploads\/2019\/11\/hair-growth-long-hair-stock-today-180622-tease_06375256dd2210ec478672ccd617057a-1024x576.jpg\" \/>\n\t<meta property=\"og:image:width\" content=\"1024\" \/>\n\t<meta property=\"og:image:height\" content=\"576\" \/>\n\t<meta property=\"og:image:type\" content=\"image\/jpeg\" \/>\n<meta name=\"author\" content=\"martin\" \/>\n<meta name=\"twitter:card\" content=\"summary_large_image\" \/>\n<meta name=\"twitter:label1\" content=\"Written by\" \/>\n\t<meta name=\"twitter:data1\" content=\"martin\" \/>\n\t<meta name=\"twitter:label2\" content=\"Est. reading time\" \/>\n\t<meta name=\"twitter:data2\" content=\"3 minutes\" \/>\n<script type=\"application\/ld+json\" class=\"yoast-schema-graph\">{\"@context\":\"https:\/\/schema.org\",\"@graph\":[{\"@type\":\"Article\",\"@id\":\"https:\/\/esthetic.sk\/en\/blog-en\/vlasy-ako-z-reklamy\/#article\",\"isPartOf\":{\"@id\":\"https:\/\/esthetic.sk\/en\/blog-en\/vlasy-ako-z-reklamy\/\"},\"author\":{\"name\":\"martin\",\"@id\":\"https:\/\/esthetic.sk\/#\/schema\/person\/345d9579357cc0db1ce9265f069e535f\"},\"headline\":\"VLASY AKO Z REKLAMY\",\"datePublished\":\"2020-03-11T13:56:02+00:00\",\"dateModified\":\"2020-03-11T13:56:02+00:00\",\"mainEntityOfPage\":{\"@id\":\"https:\/\/esthetic.sk\/en\/blog-en\/vlasy-ako-z-reklamy\/\"},\"wordCount\":693,\"commentCount\":0,\"publisher\":{\"@id\":\"https:\/\/esthetic.sk\/#organization\"},\"image\":{\"@id\":\"https:\/\/esthetic.sk\/en\/blog-en\/vlasy-ako-z-reklamy\/#primaryimage\"},\"thumbnailUrl\":\"https:\/\/esthetic.sk\/wp-content\/uploads\/2019\/11\/hair-growth-long-hair-stock-today-180622-tease_06375256dd2210ec478672ccd617057a.jpg\",\"articleSection\":[\"blog\"],\"inLanguage\":\"en-US\",\"potentialAction\":[{\"@type\":\"CommentAction\",\"name\":\"Comment\",\"target\":[\"https:\/\/esthetic.sk\/en\/blog-en\/vlasy-ako-z-reklamy\/#respond\"]}]},{\"@type\":\"WebPage\",\"@id\":\"https:\/\/esthetic.sk\/en\/blog-en\/vlasy-ako-z-reklamy\/\",\"url\":\"https:\/\/esthetic.sk\/en\/blog-en\/vlasy-ako-z-reklamy\/\",\"name\":\"VLASY AKO Z REKLAMY | Esthetic Bratislava\",\"isPartOf\":{\"@id\":\"https:\/\/esthetic.sk\/#website\"},\"primaryImageOfPage\":{\"@id\":\"https:\/\/esthetic.sk\/en\/blog-en\/vlasy-ako-z-reklamy\/#primaryimage\"},\"image\":{\"@id\":\"https:\/\/esthetic.sk\/en\/blog-en\/vlasy-ako-z-reklamy\/#primaryimage\"},\"thumbnailUrl\":\"https:\/\/esthetic.sk\/wp-content\/uploads\/2019\/11\/hair-growth-long-hair-stock-today-180622-tease_06375256dd2210ec478672ccd617057a.jpg\",\"datePublished\":\"2020-03-11T13:56:02+00:00\",\"dateModified\":\"2020-03-11T13:56:02+00:00\",\"breadcrumb\":{\"@id\":\"https:\/\/esthetic.sk\/en\/blog-en\/vlasy-ako-z-reklamy\/#breadcrumb\"},\"inLanguage\":\"en-US\",\"potentialAction\":[{\"@type\":\"ReadAction\",\"target\":[\"https:\/\/esthetic.sk\/en\/blog-en\/vlasy-ako-z-reklamy\/\"]}]},{\"@type\":\"ImageObject\",\"inLanguage\":\"en-US\",\"@id\":\"https:\/\/esthetic.sk\/en\/blog-en\/vlasy-ako-z-reklamy\/#primaryimage\",\"url\":\"https:\/\/esthetic.sk\/wp-content\/uploads\/2019\/11\/hair-growth-long-hair-stock-today-180622-tease_06375256dd2210ec478672ccd617057a.jpg\",\"contentUrl\":\"https:\/\/esthetic.sk\/wp-content\/uploads\/2019\/11\/hair-growth-long-hair-stock-today-180622-tease_06375256dd2210ec478672ccd617057a.jpg\",\"width\":2500,\"height\":1407},{\"@type\":\"BreadcrumbList\",\"@id\":\"https:\/\/esthetic.sk\/en\/blog-en\/vlasy-ako-z-reklamy\/#breadcrumb\",\"itemListElement\":[{\"@type\":\"ListItem\",\"position\":1,\"name\":\"Home\",\"item\":\"https:\/\/esthetic.sk\/\"},{\"@type\":\"ListItem\",\"position\":2,\"name\":\"VLASY AKO Z REKLAMY\"}]},{\"@type\":\"WebSite\",\"@id\":\"https:\/\/esthetic.sk\/#website\",\"url\":\"https:\/\/esthetic.sk\/\",\"name\":\"Esthetic Bratislava\",\"description\":\"R\u00fdchla cesta k dokonal\u00e9mu vz\u013eadu\",\"publisher\":{\"@id\":\"https:\/\/esthetic.sk\/#organization\"},\"potentialAction\":[{\"@type\":\"SearchAction\",\"target\":{\"@type\":\"EntryPoint\",\"urlTemplate\":\"https:\/\/esthetic.sk\/?s={search_term_string}\"},\"query-input\":{\"@type\":\"PropertyValueSpecification\",\"valueRequired\":true,\"valueName\":\"search_term_string\"}}],\"inLanguage\":\"en-US\"},{\"@type\":\"Organization\",\"@id\":\"https:\/\/esthetic.sk\/#organization\",\"name\":\"Esthetic .s.r.o.\",\"url\":\"https:\/\/esthetic.sk\/\",\"logo\":{\"@type\":\"ImageObject\",\"inLanguage\":\"en-US\",\"@id\":\"https:\/\/esthetic.sk\/#\/schema\/logo\/image\/\",\"url\":\"https:\/\/esthetic.sk\/wp-content\/uploads\/2019\/02\/logo-1.svg\",\"contentUrl\":\"https:\/\/esthetic.sk\/wp-content\/uploads\/2019\/02\/logo-1.svg\",\"width\":1,\"height\":1,\"caption\":\"Esthetic .s.r.o.\"},\"image\":{\"@id\":\"https:\/\/esthetic.sk\/#\/schema\/logo\/image\/\"},\"sameAs\":[\"https:\/\/www.facebook.com\/Klinikaesthetic\",\"https:\/\/www.instagram.com\/klinikaesthetic\/\",\"https:\/\/www.youtube.com\/channel\/UC8AgtXNjHpne8qWdj9szu1A\"]},{\"@type\":\"Person\",\"@id\":\"https:\/\/esthetic.sk\/#\/schema\/person\/345d9579357cc0db1ce9265f069e535f\",\"name\":\"martin\",\"image\":{\"@type\":\"ImageObject\",\"inLanguage\":\"en-US\",\"@id\":\"https:\/\/esthetic.sk\/#\/schema\/person\/image\/\",\"url\":\"https:\/\/secure.gravatar.com\/avatar\/027b15c6c285c23386b7a2e12376d593?s=96&d=mm&r=g\",\"contentUrl\":\"https:\/\/secure.gravatar.com\/avatar\/027b15c6c285c23386b7a2e12376d593?s=96&d=mm&r=g\",\"caption\":\"martin\"},\"url\":\"https:\/\/esthetic.sk\/en\/author\/martin\/\"}]}<\/script>\n<!-- \/ Yoast SEO plugin. -->","yoast_head_json":{"title":"VLASY AKO Z REKLAMY | Esthetic Bratislava","robots":{"index":"index","follow":"follow","max-snippet":"max-snippet:-1","max-image-preview":"max-image-preview:large","max-video-preview":"max-video-preview:-1"},"canonical":"https:\/\/esthetic.sk\/en\/blog-en\/vlasy-ako-z-reklamy\/","og_locale":"en_US","og_type":"article","og_title":"VLASY AKO Z REKLAMY | Esthetic Bratislava","og_description":"Kto by nechcel vlasy ako z reklamy? Zdrav\u00e9, hust\u00e9 a profesion\u00e1lne upraven\u00e9 vyzeraj\u00fa kr\u00e1sne, no ko\u013ekokr\u00e1t by z tejto dokonalosti sta\u010dil len zlomok. Aj vy ste si u\u017e povzdychli, \u017ee by ste ich na hlave chceli aspo\u0148 o trochu viac? \u010clovek s darom bujnej hrivy nad t\u00fdm m\u00e1vne rukou, no ten, ktor\u00fd ka\u017ed\u00fd de\u0148 v","og_url":"https:\/\/esthetic.sk\/en\/blog-en\/vlasy-ako-z-reklamy\/","og_site_name":"Esthetic Bratislava","article_publisher":"https:\/\/www.facebook.com\/Klinikaesthetic","article_published_time":"2020-03-11T13:56:02+00:00","og_image":[{"width":1024,"height":576,"url":"https:\/\/esthetic.sk\/wp-content\/uploads\/2019\/11\/hair-growth-long-hair-stock-today-180622-tease_06375256dd2210ec478672ccd617057a-1024x576.jpg","type":"image\/jpeg"}],"author":"martin","twitter_card":"summary_large_image","twitter_misc":{"Written by":"martin","Est. reading time":"3 minutes"},"schema":{"@context":"https:\/\/schema.org","@graph":[{"@type":"Article","@id":"https:\/\/esthetic.sk\/en\/blog-en\/vlasy-ako-z-reklamy\/#article","isPartOf":{"@id":"https:\/\/esthetic.sk\/en\/blog-en\/vlasy-ako-z-reklamy\/"},"author":{"name":"martin","@id":"https:\/\/esthetic.sk\/#\/schema\/person\/345d9579357cc0db1ce9265f069e535f"},"headline":"VLASY AKO Z REKLAMY","datePublished":"2020-03-11T13:56:02+00:00","dateModified":"2020-03-11T13:56:02+00:00","mainEntityOfPage":{"@id":"https:\/\/esthetic.sk\/en\/blog-en\/vlasy-ako-z-reklamy\/"},"wordCount":693,"commentCount":0,"publisher":{"@id":"https:\/\/esthetic.sk\/#organization"},"image":{"@id":"https:\/\/esthetic.sk\/en\/blog-en\/vlasy-ako-z-reklamy\/#primaryimage"},"thumbnailUrl":"https:\/\/esthetic.sk\/wp-content\/uploads\/2019\/11\/hair-growth-long-hair-stock-today-180622-tease_06375256dd2210ec478672ccd617057a.jpg","articleSection":["blog"],"inLanguage":"en-US","potentialAction":[{"@type":"CommentAction","name":"Comment","target":["https:\/\/esthetic.sk\/en\/blog-en\/vlasy-ako-z-reklamy\/#respond"]}]},{"@type":"WebPage","@id":"https:\/\/esthetic.sk\/en\/blog-en\/vlasy-ako-z-reklamy\/","url":"https:\/\/esthetic.sk\/en\/blog-en\/vlasy-ako-z-reklamy\/","name":"VLASY AKO Z REKLAMY | Esthetic Bratislava","isPartOf":{"@id":"https:\/\/esthetic.sk\/#website"},"primaryImageOfPage":{"@id":"https:\/\/esthetic.sk\/en\/blog-en\/vlasy-ako-z-reklamy\/#primaryimage"},"image":{"@id":"https:\/\/esthetic.sk\/en\/blog-en\/vlasy-ako-z-reklamy\/#primaryimage"},"thumbnailUrl":"https:\/\/esthetic.sk\/wp-content\/uploads\/2019\/11\/hair-growth-long-hair-stock-today-180622-tease_06375256dd2210ec478672ccd617057a.jpg","datePublished":"2020-03-11T13:56:02+00:00","dateModified":"2020-03-11T13:56:02+00:00","breadcrumb":{"@id":"https:\/\/esthetic.sk\/en\/blog-en\/vlasy-ako-z-reklamy\/#breadcrumb"},"inLanguage":"en-US","potentialAction":[{"@type":"ReadAction","target":["https:\/\/esthetic.sk\/en\/blog-en\/vlasy-ako-z-reklamy\/"]}]},{"@type":"ImageObject","inLanguage":"en-US","@id":"https:\/\/esthetic.sk\/en\/blog-en\/vlasy-ako-z-reklamy\/#primaryimage","url":"https:\/\/esthetic.sk\/wp-content\/uploads\/2019\/11\/hair-growth-long-hair-stock-today-180622-tease_06375256dd2210ec478672ccd617057a.jpg","contentUrl":"https:\/\/esthetic.sk\/wp-content\/uploads\/2019\/11\/hair-growth-long-hair-stock-today-180622-tease_06375256dd2210ec478672ccd617057a.jpg","width":2500,"height":1407},{"@type":"BreadcrumbList","@id":"https:\/\/esthetic.sk\/en\/blog-en\/vlasy-ako-z-reklamy\/#breadcrumb","itemListElement":[{"@type":"ListItem","position":1,"name":"Home","item":"https:\/\/esthetic.sk\/"},{"@type":"ListItem","position":2,"name":"VLASY AKO Z REKLAMY"}]},{"@type":"WebSite","@id":"https:\/\/esthetic.sk\/#website","url":"https:\/\/esthetic.sk\/","name":"Esthetic Bratislava","description":"R\u00fdchla cesta k dokonal\u00e9mu vz\u013eadu","publisher":{"@id":"https:\/\/esthetic.sk\/#organization"},"potentialAction":[{"@type":"SearchAction","target":{"@type":"EntryPoint","urlTemplate":"https:\/\/esthetic.sk\/?s={search_term_string}"},"query-input":{"@type":"PropertyValueSpecification","valueRequired":true,"valueName":"search_term_string"}}],"inLanguage":"en-US"},{"@type":"Organization","@id":"https:\/\/esthetic.sk\/#organization","name":"Esthetic .s.r.o.","url":"https:\/\/esthetic.sk\/","logo":{"@type":"ImageObject","inLanguage":"en-US","@id":"https:\/\/esthetic.sk\/#\/schema\/logo\/image\/","url":"https:\/\/esthetic.sk\/wp-content\/uploads\/2019\/02\/logo-1.svg","contentUrl":"https:\/\/esthetic.sk\/wp-content\/uploads\/2019\/02\/logo-1.svg","width":1,"height":1,"caption":"Esthetic .s.r.o."},"image":{"@id":"https:\/\/esthetic.sk\/#\/schema\/logo\/image\/"},"sameAs":["https:\/\/www.facebook.com\/Klinikaesthetic","https:\/\/www.instagram.com\/klinikaesthetic\/","https:\/\/www.youtube.com\/channel\/UC8AgtXNjHpne8qWdj9szu1A"]},{"@type":"Person","@id":"https:\/\/esthetic.sk\/#\/schema\/person\/345d9579357cc0db1ce9265f069e535f","name":"martin","image":{"@type":"ImageObject","inLanguage":"en-US","@id":"https:\/\/esthetic.sk\/#\/schema\/person\/image\/","url":"https:\/\/secure.gravatar.com\/avatar\/027b15c6c285c23386b7a2e12376d593?s=96&d=mm&r=g","contentUrl":"https:\/\/secure.gravatar.com\/avatar\/027b15c6c285c23386b7a2e12376d593?s=96&d=mm&r=g","caption":"martin"},"url":"https:\/\/esthetic.sk\/en\/author\/martin\/"}]}},"_links":{"self":[{"href":"https:\/\/esthetic.sk\/en\/wp-json\/wp\/v2\/posts\/2529"}],"collection":[{"href":"https:\/\/esthetic.sk\/en\/wp-json\/wp\/v2\/posts"}],"about":[{"href":"https:\/\/esthetic.sk\/en\/wp-json\/wp\/v2\/types\/post"}],"author":[{"embeddable":true,"href":"https:\/\/esthetic.sk\/en\/wp-json\/wp\/v2\/users\/1"}],"replies":[{"embeddable":true,"href":"https:\/\/esthetic.sk\/en\/wp-json\/wp\/v2\/comments?post=2529"}],"version-history":[{"count":1,"href":"https:\/\/esthetic.sk\/en\/wp-json\/wp\/v2\/posts\/2529\/revisions"}],"predecessor-version":[{"id":2532,"href":"https:\/\/esthetic.sk\/en\/wp-json\/wp\/v2\/posts\/2529\/revisions\/2532"}],"wp:featuredmedia":[{"embeddable":true,"href":"https:\/\/esthetic.sk\/en\/wp-json\/wp\/v2\/media\/2254"}],"wp:attachment":[{"href":"https:\/\/esthetic.sk\/en\/wp-json\/wp\/v2\/media?parent=2529"}],"wp:term":[{"taxonomy":"category","embeddable":true,"href":"https:\/\/esthetic.sk\/en\/wp-json\/wp\/v2\/categories?post=2529"},{"taxonomy":"post_tag","embeddable":true,"href":"https:\/\/esthetic.sk\/en\/wp-json\/wp\/v2\/tags?post=2529"}],"curies":[{"name":"wp","href":"https:\/\/api.w.org\/{rel}","templated":true}]}}