{"id":9476,"date":"2026-01-13T12:16:14","date_gmt":"2026-01-13T11:16:14","guid":{"rendered":"https:\/\/esthetic.sk\/blog\/nachrichten-winter-2025-2026\/"},"modified":"2026-03-20T13:43:39","modified_gmt":"2026-03-20T12:43:39","slug":"nachrichten-winter-2025-2026","status":"publish","type":"post","link":"https:\/\/esthetic.sk\/de\/aktion-bietet\/nachrichten-winter-2025-2026\/","title":{"rendered":"Letzte Chance vor dem Sommer"},"content":{"rendered":"<style>\n.post-thumbnail {display:none}\narticle {background-color: #e7b18b; padding:20px 0px; \/*background-color:#eb6d55*\/}\na img {width:100%!important;max-width: 600px;!important}\na.btn {background-color:black}\n<\/style>\n<div style=\"width:100%; max-width:600px; margin:20px auto;\">\n\n\t\t\t\t\n\t\t\t\t\t\t\t\t\t\n\t\t<a href=\"https:\/\/esthetic.sk\/blog\/bbl-moxi-forever-young-revolucne-omladenie-pleti-ktore-u-nas-vyskusala-aj-herecka-natalia-germani\/#objednavka\" title=\"\" class=\"\" target=\"_blank\" style=\"mso-line-height-rule: exactly;-ms-text-size-adjust: 100%;-webkit-text-size-adjust: 100%;\" rel=\"noopener\">\n                                        <img decoding=\"async\" align=\"center\" alt=\"\" src=\"https:\/\/mcusercontent.com\/16a3f4d4840c7b514fa7dfa48\/images\/d6bb6ff3-29f7-7d86-791a-a250bb03a011.gif\" width=\"600\" style=\"max-width: 1200px;padding-bottom: 0;display: inline !important;vertical-align: bottom;border: 0;height: auto;outline: none;text-decoration: none;-ms-interpolation-mode: bicubic;\" class=\"mcnImage\">\n                                    <\/a>\n\t\t\t\t\t\t\t\t\t\n\t\t\t\t\t\t\t<div style=\"padding:20px; color:black; background-color:white; text-align:center\">\n\t\t\t\t\t\t\t\n\n<h2>Sonderangebot &#8211; letzte Chance vor dem Sommer<\/h2>\n<b>BBL\u00ae Forever Young &#8211; Serie von 3 Behandlungen (Gesicht\/Dekollet\u00e9)<\/b><br><br>\n<b>Urspr\u00fcnglicher Preis:<\/b> 1650 \u20ac<br><b>Jetzt:<\/b> 1400 \u20ac<br><b>Sie werden sparen:<\/b> 250 \u20ac<br><br>\n<b>Paket g\u00fcltig bis 30. 6. 2026.<\/b><br><br>\n<a href=\"https:\/\/esthetic.sk\/blog\/bbl-moxi-forever-young-revolucne-omladenie-pleti-ktore-u-nas-vyskusala-aj-herecka-natalia-germani\/#objednavka\" class=\"btn\">BESUCHEN SIE<\/a>\n\t\t\t\t\t\t\t\n\t<\/div>\t\t\t\t\t\t\t\n\t\t\t\t\t\t\t\t\t\n\t\t\t<a href=\"https:\/\/esthetic.sk\/blog\/bbl-a-moxi-laser-revolucne-omladenie-pleti-ktore-miluju-aj-celebrity\/#objednavka\" title=\"\" class=\"\" target=\"_blank\" style=\"mso-line-height-rule: exactly;-ms-text-size-adjust: 100%;-webkit-text-size-adjust: 100%;\" rel=\"noopener\">\n                                        <img decoding=\"async\" align=\"center\" alt=\"\" src=\"https:\/\/mcusercontent.com\/16a3f4d4840c7b514fa7dfa48\/images\/730106cb-39f7-32e3-acb9-d0c415dd018e.gif\" width=\"600\" style=\"max-width: 600px;padding-bottom: 0;display: inline !important;vertical-align: bottom;border: 0;height: auto;outline: none;text-decoration: none;-ms-interpolation-mode: bicubic;\" class=\"mcnImage\">\n                                    <\/a>\n\t\t\t\t\t\t\t\t\t\n\t\t\t\t\t\t\t\t\t\n\t\t\t\t\t\t\t\t\t<div style=\"padding:20px; color:black; background-color:white; text-align:center\">\n\t<h2>BBL\u00ae + MOXI\u2122<\/h2>\n\n<b>Kombinierte Vorverj\u00fcngungsserie<\/b><br>mit 3 Behandlungen (Gesicht\/Dekollet\u00e9)<br><br>\n<b>Urspr\u00fcnglicher Preis:<\/b> 2700 \u20ac<br><b>Jetzt:<\/b> 2200 \u20ac<br><b>Sie werden sparen:<\/b> 500 \u20ac<br><br>\n<b>Paket g\u00fcltig bis 30. 6. 2026.<\/b><br><br>\n<a href=\"https:\/\/esthetic.sk\/blog\/bbl-a-moxi-laser-revolucne-omladenie-pleti-ktore-miluju-aj-celebrity\/#objednavka\" class=\"btn\">KONSULTATION<\/a>\t\t\t\t\t\t\n\t<\/div>\t\n\t\t\t\t\t\t\t\t\t\n\t\t\t\t\t\t\t\t\t<\/div>","protected":false},"excerpt":{"rendered":"Sonderangebot &#8211; letzte Chance vor dem Sommer BBL\u00ae Forever Young &#8211; Serie von 3 Behandlungen (Gesicht\/Dekollet\u00e9) Urspr\u00fcnglicher Preis: 1650 \u20acJetzt: 1400 \u20acSie werden sparen: 250 \u20ac Paket g\u00fcltig bis 30. 6. 2026. BESUCHEN SIE BBL\u00ae + MOXI\u2122 Kombinierte Vorverj\u00fcngungsseriemit 3 Behandlungen (Gesicht\/Dekollet\u00e9) Urspr\u00fcnglicher Preis: 2700 \u20acJetzt: 2200 \u20acSie werden sparen: 500 \u20ac Paket g\u00fcltig bis","protected":false},"author":1,"featured_media":8969,"comment_status":"open","ping_status":"open","sticky":false,"template":"","format":"standard","meta":{"inline_featured_image":false,"footnotes":""},"categories":[52],"tags":[],"class_list":["post-9476","post","type-post","status-publish","format-standard","has-post-thumbnail","hentry","category-aktion-bietet"],"yoast_head":"<!-- This site is optimized with the Yoast SEO plugin v23.7 - https:\/\/yoast.com\/wordpress\/plugins\/seo\/ -->\n<title>Letzte Chance vor dem Sommer | Esthetic Bratislava<\/title>\n<meta name=\"robots\" content=\"index, follow, max-snippet:-1, max-image-preview:large, max-video-preview:-1\" \/>\n<link rel=\"canonical\" href=\"https:\/\/esthetic.sk\/de\/aktion-bietet\/nachrichten-winter-2025-2026\/\" \/>\n<meta property=\"og:locale\" content=\"de_DE\" \/>\n<meta property=\"og:type\" content=\"article\" \/>\n<meta property=\"og:title\" content=\"Letzte Chance vor dem Sommer | Esthetic Bratislava\" \/>\n<meta property=\"og:description\" content=\"Sonderangebot &#8211; letzte Chance vor dem Sommer BBL\u00ae Forever Young &#8211; Serie von 3 Behandlungen (Gesicht\/Dekollet\u00e9) Urspr\u00fcnglicher Preis: 1650 \u20acJetzt: 1400 \u20acSie werden sparen: 250 \u20ac Paket g\u00fcltig bis 30. 6. 2026. BESUCHEN SIE BBL\u00ae + MOXI\u2122 Kombinierte Vorverj\u00fcngungsseriemit 3 Behandlungen (Gesicht\/Dekollet\u00e9) Urspr\u00fcnglicher Preis: 2700 \u20acJetzt: 2200 \u20acSie werden sparen: 500 \u20ac Paket g\u00fcltig bis\" \/>\n<meta property=\"og:url\" content=\"https:\/\/esthetic.sk\/de\/aktion-bietet\/nachrichten-winter-2025-2026\/\" \/>\n<meta property=\"og:site_name\" content=\"Esthetic Bratislava\" \/>\n<meta property=\"article:publisher\" content=\"https:\/\/www.facebook.com\/Klinikaesthetic\" \/>\n<meta property=\"article:published_time\" content=\"2026-01-13T11:16:14+00:00\" \/>\n<meta property=\"article:modified_time\" content=\"2026-03-20T12:43:39+00:00\" \/>\n<meta property=\"og:image\" content=\"https:\/\/esthetic.sk\/wp-content\/uploads\/2025\/09\/dermatokozmetika-cistenie-pleti-esthetic-klinika-bratislava-1.jpg\" \/>\n\t<meta property=\"og:image:width\" content=\"1980\" \/>\n\t<meta property=\"og:image:height\" content=\"990\" \/>\n\t<meta property=\"og:image:type\" content=\"image\/jpeg\" \/>\n<meta name=\"author\" content=\"martin\" \/>\n<meta name=\"twitter:card\" content=\"summary_large_image\" \/>\n<meta name=\"twitter:label1\" content=\"Verfasst von\" \/>\n\t<meta name=\"twitter:data1\" content=\"martin\" \/>\n<script type=\"application\/ld+json\" class=\"yoast-schema-graph\">{\"@context\":\"https:\/\/schema.org\",\"@graph\":[{\"@type\":\"Article\",\"@id\":\"https:\/\/esthetic.sk\/de\/aktion-bietet\/nachrichten-winter-2025-2026\/#article\",\"isPartOf\":{\"@id\":\"https:\/\/esthetic.sk\/de\/aktion-bietet\/nachrichten-winter-2025-2026\/\"},\"author\":{\"name\":\"martin\",\"@id\":\"https:\/\/esthetic.sk\/#\/schema\/person\/345d9579357cc0db1ce9265f069e535f\"},\"headline\":\"Letzte Chance vor dem Sommer\",\"datePublished\":\"2026-01-13T11:16:14+00:00\",\"dateModified\":\"2026-03-20T12:43:39+00:00\",\"mainEntityOfPage\":{\"@id\":\"https:\/\/esthetic.sk\/de\/aktion-bietet\/nachrichten-winter-2025-2026\/\"},\"wordCount\":55,\"commentCount\":0,\"publisher\":{\"@id\":\"https:\/\/esthetic.sk\/#organization\"},\"image\":{\"@id\":\"https:\/\/esthetic.sk\/de\/aktion-bietet\/nachrichten-winter-2025-2026\/#primaryimage\"},\"thumbnailUrl\":\"https:\/\/esthetic.sk\/wp-content\/uploads\/2025\/09\/dermatokozmetika-cistenie-pleti-esthetic-klinika-bratislava-1.jpg\",\"articleSection\":[\"Aktion bietet\"],\"inLanguage\":\"de\",\"potentialAction\":[{\"@type\":\"CommentAction\",\"name\":\"Comment\",\"target\":[\"https:\/\/esthetic.sk\/de\/aktion-bietet\/nachrichten-winter-2025-2026\/#respond\"]}]},{\"@type\":\"WebPage\",\"@id\":\"https:\/\/esthetic.sk\/de\/aktion-bietet\/nachrichten-winter-2025-2026\/\",\"url\":\"https:\/\/esthetic.sk\/de\/aktion-bietet\/nachrichten-winter-2025-2026\/\",\"name\":\"Letzte Chance vor dem Sommer | Esthetic Bratislava\",\"isPartOf\":{\"@id\":\"https:\/\/esthetic.sk\/#website\"},\"primaryImageOfPage\":{\"@id\":\"https:\/\/esthetic.sk\/de\/aktion-bietet\/nachrichten-winter-2025-2026\/#primaryimage\"},\"image\":{\"@id\":\"https:\/\/esthetic.sk\/de\/aktion-bietet\/nachrichten-winter-2025-2026\/#primaryimage\"},\"thumbnailUrl\":\"https:\/\/esthetic.sk\/wp-content\/uploads\/2025\/09\/dermatokozmetika-cistenie-pleti-esthetic-klinika-bratislava-1.jpg\",\"datePublished\":\"2026-01-13T11:16:14+00:00\",\"dateModified\":\"2026-03-20T12:43:39+00:00\",\"breadcrumb\":{\"@id\":\"https:\/\/esthetic.sk\/de\/aktion-bietet\/nachrichten-winter-2025-2026\/#breadcrumb\"},\"inLanguage\":\"de\",\"potentialAction\":[{\"@type\":\"ReadAction\",\"target\":[\"https:\/\/esthetic.sk\/de\/aktion-bietet\/nachrichten-winter-2025-2026\/\"]}]},{\"@type\":\"ImageObject\",\"inLanguage\":\"de\",\"@id\":\"https:\/\/esthetic.sk\/de\/aktion-bietet\/nachrichten-winter-2025-2026\/#primaryimage\",\"url\":\"https:\/\/esthetic.sk\/wp-content\/uploads\/2025\/09\/dermatokozmetika-cistenie-pleti-esthetic-klinika-bratislava-1.jpg\",\"contentUrl\":\"https:\/\/esthetic.sk\/wp-content\/uploads\/2025\/09\/dermatokozmetika-cistenie-pleti-esthetic-klinika-bratislava-1.jpg\",\"width\":1980,\"height\":990},{\"@type\":\"BreadcrumbList\",\"@id\":\"https:\/\/esthetic.sk\/de\/aktion-bietet\/nachrichten-winter-2025-2026\/#breadcrumb\",\"itemListElement\":[{\"@type\":\"ListItem\",\"position\":1,\"name\":\"Home\",\"item\":\"https:\/\/esthetic.sk\/\"},{\"@type\":\"ListItem\",\"position\":2,\"name\":\"Letzte Chance vor dem Sommer\"}]},{\"@type\":\"WebSite\",\"@id\":\"https:\/\/esthetic.sk\/#website\",\"url\":\"https:\/\/esthetic.sk\/\",\"name\":\"Esthetic Bratislava\",\"description\":\"R\u00fdchla cesta k dokonal\u00e9mu vz\u013eadu\",\"publisher\":{\"@id\":\"https:\/\/esthetic.sk\/#organization\"},\"potentialAction\":[{\"@type\":\"SearchAction\",\"target\":{\"@type\":\"EntryPoint\",\"urlTemplate\":\"https:\/\/esthetic.sk\/?s={search_term_string}\"},\"query-input\":{\"@type\":\"PropertyValueSpecification\",\"valueRequired\":true,\"valueName\":\"search_term_string\"}}],\"inLanguage\":\"de\"},{\"@type\":\"Organization\",\"@id\":\"https:\/\/esthetic.sk\/#organization\",\"name\":\"Esthetic .s.r.o.\",\"url\":\"https:\/\/esthetic.sk\/\",\"logo\":{\"@type\":\"ImageObject\",\"inLanguage\":\"de\",\"@id\":\"https:\/\/esthetic.sk\/#\/schema\/logo\/image\/\",\"url\":\"https:\/\/esthetic.sk\/wp-content\/uploads\/2019\/02\/logo-1.svg\",\"contentUrl\":\"https:\/\/esthetic.sk\/wp-content\/uploads\/2019\/02\/logo-1.svg\",\"width\":1,\"height\":1,\"caption\":\"Esthetic .s.r.o.\"},\"image\":{\"@id\":\"https:\/\/esthetic.sk\/#\/schema\/logo\/image\/\"},\"sameAs\":[\"https:\/\/www.facebook.com\/Klinikaesthetic\",\"https:\/\/www.instagram.com\/klinikaesthetic\/\",\"https:\/\/www.youtube.com\/channel\/UC8AgtXNjHpne8qWdj9szu1A\"]},{\"@type\":\"Person\",\"@id\":\"https:\/\/esthetic.sk\/#\/schema\/person\/345d9579357cc0db1ce9265f069e535f\",\"name\":\"martin\",\"image\":{\"@type\":\"ImageObject\",\"inLanguage\":\"de\",\"@id\":\"https:\/\/esthetic.sk\/#\/schema\/person\/image\/\",\"url\":\"https:\/\/secure.gravatar.com\/avatar\/027b15c6c285c23386b7a2e12376d593?s=96&d=mm&r=g\",\"contentUrl\":\"https:\/\/secure.gravatar.com\/avatar\/027b15c6c285c23386b7a2e12376d593?s=96&d=mm&r=g\",\"caption\":\"martin\"},\"url\":\"https:\/\/esthetic.sk\/de\/author\/martin\/\"}]}<\/script>\n<!-- \/ Yoast SEO plugin. -->","yoast_head_json":{"title":"Letzte Chance vor dem Sommer | Esthetic Bratislava","robots":{"index":"index","follow":"follow","max-snippet":"max-snippet:-1","max-image-preview":"max-image-preview:large","max-video-preview":"max-video-preview:-1"},"canonical":"https:\/\/esthetic.sk\/de\/aktion-bietet\/nachrichten-winter-2025-2026\/","og_locale":"de_DE","og_type":"article","og_title":"Letzte Chance vor dem Sommer | Esthetic Bratislava","og_description":"Sonderangebot &#8211; letzte Chance vor dem Sommer BBL\u00ae Forever Young &#8211; Serie von 3 Behandlungen (Gesicht\/Dekollet\u00e9) Urspr\u00fcnglicher Preis: 1650 \u20acJetzt: 1400 \u20acSie werden sparen: 250 \u20ac Paket g\u00fcltig bis 30. 6. 2026. BESUCHEN SIE BBL\u00ae + MOXI\u2122 Kombinierte Vorverj\u00fcngungsseriemit 3 Behandlungen (Gesicht\/Dekollet\u00e9) Urspr\u00fcnglicher Preis: 2700 \u20acJetzt: 2200 \u20acSie werden sparen: 500 \u20ac Paket g\u00fcltig bis","og_url":"https:\/\/esthetic.sk\/de\/aktion-bietet\/nachrichten-winter-2025-2026\/","og_site_name":"Esthetic Bratislava","article_publisher":"https:\/\/www.facebook.com\/Klinikaesthetic","article_published_time":"2026-01-13T11:16:14+00:00","article_modified_time":"2026-03-20T12:43:39+00:00","og_image":[{"width":1980,"height":990,"url":"https:\/\/esthetic.sk\/wp-content\/uploads\/2025\/09\/dermatokozmetika-cistenie-pleti-esthetic-klinika-bratislava-1.jpg","type":"image\/jpeg"}],"author":"martin","twitter_card":"summary_large_image","twitter_misc":{"Verfasst von":"martin"},"schema":{"@context":"https:\/\/schema.org","@graph":[{"@type":"Article","@id":"https:\/\/esthetic.sk\/de\/aktion-bietet\/nachrichten-winter-2025-2026\/#article","isPartOf":{"@id":"https:\/\/esthetic.sk\/de\/aktion-bietet\/nachrichten-winter-2025-2026\/"},"author":{"name":"martin","@id":"https:\/\/esthetic.sk\/#\/schema\/person\/345d9579357cc0db1ce9265f069e535f"},"headline":"Letzte Chance vor dem Sommer","datePublished":"2026-01-13T11:16:14+00:00","dateModified":"2026-03-20T12:43:39+00:00","mainEntityOfPage":{"@id":"https:\/\/esthetic.sk\/de\/aktion-bietet\/nachrichten-winter-2025-2026\/"},"wordCount":55,"commentCount":0,"publisher":{"@id":"https:\/\/esthetic.sk\/#organization"},"image":{"@id":"https:\/\/esthetic.sk\/de\/aktion-bietet\/nachrichten-winter-2025-2026\/#primaryimage"},"thumbnailUrl":"https:\/\/esthetic.sk\/wp-content\/uploads\/2025\/09\/dermatokozmetika-cistenie-pleti-esthetic-klinika-bratislava-1.jpg","articleSection":["Aktion bietet"],"inLanguage":"de","potentialAction":[{"@type":"CommentAction","name":"Comment","target":["https:\/\/esthetic.sk\/de\/aktion-bietet\/nachrichten-winter-2025-2026\/#respond"]}]},{"@type":"WebPage","@id":"https:\/\/esthetic.sk\/de\/aktion-bietet\/nachrichten-winter-2025-2026\/","url":"https:\/\/esthetic.sk\/de\/aktion-bietet\/nachrichten-winter-2025-2026\/","name":"Letzte Chance vor dem Sommer | Esthetic Bratislava","isPartOf":{"@id":"https:\/\/esthetic.sk\/#website"},"primaryImageOfPage":{"@id":"https:\/\/esthetic.sk\/de\/aktion-bietet\/nachrichten-winter-2025-2026\/#primaryimage"},"image":{"@id":"https:\/\/esthetic.sk\/de\/aktion-bietet\/nachrichten-winter-2025-2026\/#primaryimage"},"thumbnailUrl":"https:\/\/esthetic.sk\/wp-content\/uploads\/2025\/09\/dermatokozmetika-cistenie-pleti-esthetic-klinika-bratislava-1.jpg","datePublished":"2026-01-13T11:16:14+00:00","dateModified":"2026-03-20T12:43:39+00:00","breadcrumb":{"@id":"https:\/\/esthetic.sk\/de\/aktion-bietet\/nachrichten-winter-2025-2026\/#breadcrumb"},"inLanguage":"de","potentialAction":[{"@type":"ReadAction","target":["https:\/\/esthetic.sk\/de\/aktion-bietet\/nachrichten-winter-2025-2026\/"]}]},{"@type":"ImageObject","inLanguage":"de","@id":"https:\/\/esthetic.sk\/de\/aktion-bietet\/nachrichten-winter-2025-2026\/#primaryimage","url":"https:\/\/esthetic.sk\/wp-content\/uploads\/2025\/09\/dermatokozmetika-cistenie-pleti-esthetic-klinika-bratislava-1.jpg","contentUrl":"https:\/\/esthetic.sk\/wp-content\/uploads\/2025\/09\/dermatokozmetika-cistenie-pleti-esthetic-klinika-bratislava-1.jpg","width":1980,"height":990},{"@type":"BreadcrumbList","@id":"https:\/\/esthetic.sk\/de\/aktion-bietet\/nachrichten-winter-2025-2026\/#breadcrumb","itemListElement":[{"@type":"ListItem","position":1,"name":"Home","item":"https:\/\/esthetic.sk\/"},{"@type":"ListItem","position":2,"name":"Letzte Chance vor dem Sommer"}]},{"@type":"WebSite","@id":"https:\/\/esthetic.sk\/#website","url":"https:\/\/esthetic.sk\/","name":"Esthetic Bratislava","description":"R\u00fdchla cesta k dokonal\u00e9mu vz\u013eadu","publisher":{"@id":"https:\/\/esthetic.sk\/#organization"},"potentialAction":[{"@type":"SearchAction","target":{"@type":"EntryPoint","urlTemplate":"https:\/\/esthetic.sk\/?s={search_term_string}"},"query-input":{"@type":"PropertyValueSpecification","valueRequired":true,"valueName":"search_term_string"}}],"inLanguage":"de"},{"@type":"Organization","@id":"https:\/\/esthetic.sk\/#organization","name":"Esthetic .s.r.o.","url":"https:\/\/esthetic.sk\/","logo":{"@type":"ImageObject","inLanguage":"de","@id":"https:\/\/esthetic.sk\/#\/schema\/logo\/image\/","url":"https:\/\/esthetic.sk\/wp-content\/uploads\/2019\/02\/logo-1.svg","contentUrl":"https:\/\/esthetic.sk\/wp-content\/uploads\/2019\/02\/logo-1.svg","width":1,"height":1,"caption":"Esthetic .s.r.o."},"image":{"@id":"https:\/\/esthetic.sk\/#\/schema\/logo\/image\/"},"sameAs":["https:\/\/www.facebook.com\/Klinikaesthetic","https:\/\/www.instagram.com\/klinikaesthetic\/","https:\/\/www.youtube.com\/channel\/UC8AgtXNjHpne8qWdj9szu1A"]},{"@type":"Person","@id":"https:\/\/esthetic.sk\/#\/schema\/person\/345d9579357cc0db1ce9265f069e535f","name":"martin","image":{"@type":"ImageObject","inLanguage":"de","@id":"https:\/\/esthetic.sk\/#\/schema\/person\/image\/","url":"https:\/\/secure.gravatar.com\/avatar\/027b15c6c285c23386b7a2e12376d593?s=96&d=mm&r=g","contentUrl":"https:\/\/secure.gravatar.com\/avatar\/027b15c6c285c23386b7a2e12376d593?s=96&d=mm&r=g","caption":"martin"},"url":"https:\/\/esthetic.sk\/de\/author\/martin\/"}]}},"_links":{"self":[{"href":"https:\/\/esthetic.sk\/de\/wp-json\/wp\/v2\/posts\/9476"}],"collection":[{"href":"https:\/\/esthetic.sk\/de\/wp-json\/wp\/v2\/posts"}],"about":[{"href":"https:\/\/esthetic.sk\/de\/wp-json\/wp\/v2\/types\/post"}],"author":[{"embeddable":true,"href":"https:\/\/esthetic.sk\/de\/wp-json\/wp\/v2\/users\/1"}],"replies":[{"embeddable":true,"href":"https:\/\/esthetic.sk\/de\/wp-json\/wp\/v2\/comments?post=9476"}],"version-history":[{"count":13,"href":"https:\/\/esthetic.sk\/de\/wp-json\/wp\/v2\/posts\/9476\/revisions"}],"predecessor-version":[{"id":9695,"href":"https:\/\/esthetic.sk\/de\/wp-json\/wp\/v2\/posts\/9476\/revisions\/9695"}],"wp:featuredmedia":[{"embeddable":true,"href":"https:\/\/esthetic.sk\/de\/wp-json\/wp\/v2\/media\/8969"}],"wp:attachment":[{"href":"https:\/\/esthetic.sk\/de\/wp-json\/wp\/v2\/media?parent=9476"}],"wp:term":[{"taxonomy":"category","embeddable":true,"href":"https:\/\/esthetic.sk\/de\/wp-json\/wp\/v2\/categories?post=9476"},{"taxonomy":"post_tag","embeddable":true,"href":"https:\/\/esthetic.sk\/de\/wp-json\/wp\/v2\/tags?post=9476"}],"curies":[{"name":"wp","href":"https:\/\/api.w.org\/{rel}","templated":true}]}}