{"id":8921,"date":"2025-09-12T08:56:45","date_gmt":"2025-09-12T06:56:45","guid":{"rendered":"https:\/\/esthetic.sk\/blog\/eine-neue-aera-der-aesthetischen-dermatologie\/"},"modified":"2025-09-12T08:59:05","modified_gmt":"2025-09-12T06:59:05","slug":"eine-neue-aera-der-aesthetischen-dermatologie","status":"publish","type":"post","link":"https:\/\/esthetic.sk\/de\/blog\/eine-neue-aera-der-aesthetischen-dermatologie\/","title":{"rendered":"Eine neue \u00c4ra der \u00e4sthetischen Dermatologie"},"content":{"rendered":"<style>.post-thumbnail h1 {display:none!important}<\/style>\n<h2>Der Trend zur \u00c4sthetik \u00e4ndert sich<\/h2>\n<ul>\n  <li>Eine neue \u00c4ra der \u00e4sthetischen Dermatologie: sanfte, schonende Technologien mit nat\u00fcrlicher Hautverj\u00fcngung<\/li>\n  <li>Kombination aus BBL (BroadBand Light) und Moxi-Laser &#8211; schnelle Hautaufhellung ohne l\u00e4ngere Erholungsphase<\/li>\n  <li>Ziel: nat\u00fcrliche Sch\u00f6nheit, ges\u00fcnderer Hautton und Vorbeugung der Hautalterung<\/li>\n<\/ul>\n\n<h2>Was die Experten sagen<\/h2>\n<ul>\n  <li>MUDr. Alexandra Novotn\u00e1 Rozborilov\u00e1, PhD. &#8211; erkl\u00e4rt die Wirkung von BBL und Moxi zur Aufhellung der Haut und zum Ausgleich des Hauttons<\/li>\n  <li>Die Behandlungen sind auch f\u00fcr vielbesch\u00e4ftigte Menschen geeignet &#8211; minimale Ausfallzeit vom Tag<\/li>\n  <li>Dr. Paul Nassif (Beverly Hills) &#8211; Klientel aus dem Showbiz; beliebt bei Ber\u00fchmtheiten<\/li>\n<\/ul>\n\n<div id='gallery-1' class='gallery galleryid-8921 gallery-columns-3 gallery-size-thumbnail'><figure class='gallery-item'>\n\t\t\t<div class='gallery-icon landscape'>\n\t\t\t\t<a href='https:\/\/esthetic.sk\/wp-content\/uploads\/2025\/08\/2600-064-07-Rev-A-B_A-Photos-BBL-HEROic_online.jpg' title=\"\" data-rl_title=\"\" class=\"rl-gallery-link\" data-rl_caption=\"\" data-rel=\"lightbox-gallery-1\"><img loading=\"lazy\" decoding=\"async\" width=\"360\" height=\"278\" src=\"https:\/\/esthetic.sk\/wp-content\/uploads\/2025\/08\/2600-064-07-Rev-A-B_A-Photos-BBL-HEROic_online.jpg\" class=\"attachment-thumbnail size-thumbnail\" alt=\"\" srcset=\"https:\/\/esthetic.sk\/wp-content\/uploads\/2025\/08\/2600-064-07-Rev-A-B_A-Photos-BBL-HEROic_online.jpg 360w, https:\/\/esthetic.sk\/wp-content\/uploads\/2025\/08\/2600-064-07-Rev-A-B_A-Photos-BBL-HEROic_online-300x232.jpg 300w, https:\/\/esthetic.sk\/wp-content\/uploads\/2025\/08\/2600-064-07-Rev-A-B_A-Photos-BBL-HEROic_online-350x270.jpg 350w\" sizes=\"100vw\" \/><\/a>\n\t\t\t<\/div><\/figure><figure class='gallery-item'>\n\t\t\t<div class='gallery-icon landscape'>\n\t\t\t\t<a href='https:\/\/esthetic.sk\/wp-content\/uploads\/2025\/08\/113-scaled.jpg' title=\"\" data-rl_title=\"\" class=\"rl-gallery-link\" data-rl_caption=\"\" data-rel=\"lightbox-gallery-1\"><img loading=\"lazy\" decoding=\"async\" width=\"550\" height=\"550\" src=\"https:\/\/esthetic.sk\/wp-content\/uploads\/2025\/08\/113-550x550.jpg\" class=\"attachment-thumbnail size-thumbnail\" alt=\"\" srcset=\"https:\/\/esthetic.sk\/wp-content\/uploads\/2025\/08\/113-550x550.jpg 550w, https:\/\/esthetic.sk\/wp-content\/uploads\/2025\/08\/113-100x100.jpg 100w, https:\/\/esthetic.sk\/wp-content\/uploads\/2025\/08\/113-80x80.jpg 80w, https:\/\/esthetic.sk\/wp-content\/uploads\/2025\/08\/113-250x250.jpg 250w\" sizes=\"100vw\" \/><\/a>\n\t\t\t<\/div><\/figure><figure class='gallery-item'>\n\t\t\t<div class='gallery-icon landscape'>\n\t\t\t\t<a href='https:\/\/esthetic.sk\/wp-content\/uploads\/2025\/08\/112-scaled.jpg' title=\"\" data-rl_title=\"\" class=\"rl-gallery-link\" data-rl_caption=\"\" data-rel=\"lightbox-gallery-1\"><img loading=\"lazy\" decoding=\"async\" width=\"550\" height=\"550\" src=\"https:\/\/esthetic.sk\/wp-content\/uploads\/2025\/08\/112-550x550.jpg\" class=\"attachment-thumbnail size-thumbnail\" alt=\"\" srcset=\"https:\/\/esthetic.sk\/wp-content\/uploads\/2025\/08\/112-550x550.jpg 550w, https:\/\/esthetic.sk\/wp-content\/uploads\/2025\/08\/112-100x100.jpg 100w, https:\/\/esthetic.sk\/wp-content\/uploads\/2025\/08\/112-80x80.jpg 80w, https:\/\/esthetic.sk\/wp-content\/uploads\/2025\/08\/112-250x250.jpg 250w\" sizes=\"100vw\" \/><\/a>\n\t\t\t<\/div><\/figure><figure class='gallery-item'>\n\t\t\t<div class='gallery-icon landscape'>\n\t\t\t\t<a href='https:\/\/esthetic.sk\/wp-content\/uploads\/2025\/08\/111.jpg' title=\"\" data-rl_title=\"\" class=\"rl-gallery-link\" data-rl_caption=\"\" data-rel=\"lightbox-gallery-1\"><img loading=\"lazy\" decoding=\"async\" width=\"550\" height=\"550\" src=\"https:\/\/esthetic.sk\/wp-content\/uploads\/2025\/08\/111-550x550.jpg\" class=\"attachment-thumbnail size-thumbnail\" alt=\"\" srcset=\"https:\/\/esthetic.sk\/wp-content\/uploads\/2025\/08\/111-550x550.jpg 550w, https:\/\/esthetic.sk\/wp-content\/uploads\/2025\/08\/111-100x100.jpg 100w, https:\/\/esthetic.sk\/wp-content\/uploads\/2025\/08\/111-80x80.jpg 80w, https:\/\/esthetic.sk\/wp-content\/uploads\/2025\/08\/111-250x250.jpg 250w\" sizes=\"100vw\" \/><\/a>\n\t\t\t<\/div><\/figure><figure class='gallery-item'>\n\t\t\t<div class='gallery-icon landscape'>\n\t\t\t\t<a href='https:\/\/esthetic.sk\/wp-content\/uploads\/2025\/08\/110-scaled.jpg' title=\"\" data-rl_title=\"\" class=\"rl-gallery-link\" data-rl_caption=\"\" data-rel=\"lightbox-gallery-1\"><img loading=\"lazy\" decoding=\"async\" width=\"550\" height=\"550\" src=\"https:\/\/esthetic.sk\/wp-content\/uploads\/2025\/08\/110-550x550.jpg\" class=\"attachment-thumbnail size-thumbnail\" alt=\"\" srcset=\"https:\/\/esthetic.sk\/wp-content\/uploads\/2025\/08\/110-550x550.jpg 550w, https:\/\/esthetic.sk\/wp-content\/uploads\/2025\/08\/110-100x100.jpg 100w, https:\/\/esthetic.sk\/wp-content\/uploads\/2025\/08\/110-80x80.jpg 80w, https:\/\/esthetic.sk\/wp-content\/uploads\/2025\/08\/110-250x250.jpg 250w\" sizes=\"100vw\" \/><\/a>\n\t\t\t<\/div><\/figure><figure class='gallery-item'>\n\t\t\t<div class='gallery-icon landscape'>\n\t\t\t\t<a href='https:\/\/esthetic.sk\/wp-content\/uploads\/2025\/08\/19.jpg' title=\"\" data-rl_title=\"\" class=\"rl-gallery-link\" data-rl_caption=\"\" data-rel=\"lightbox-gallery-1\"><img loading=\"lazy\" decoding=\"async\" width=\"550\" height=\"550\" src=\"https:\/\/esthetic.sk\/wp-content\/uploads\/2025\/08\/19-550x550.jpg\" class=\"attachment-thumbnail size-thumbnail\" alt=\"\" srcset=\"https:\/\/esthetic.sk\/wp-content\/uploads\/2025\/08\/19-550x550.jpg 550w, https:\/\/esthetic.sk\/wp-content\/uploads\/2025\/08\/19-100x100.jpg 100w, https:\/\/esthetic.sk\/wp-content\/uploads\/2025\/08\/19-80x80.jpg 80w, https:\/\/esthetic.sk\/wp-content\/uploads\/2025\/08\/19-250x250.jpg 250w\" sizes=\"100vw\" \/><\/a>\n\t\t\t<\/div><\/figure><figure class='gallery-item'>\n\t\t\t<div class='gallery-icon landscape'>\n\t\t\t\t<a href='https:\/\/esthetic.sk\/wp-content\/uploads\/2025\/08\/116-scaled.jpg' title=\"\" data-rl_title=\"\" class=\"rl-gallery-link\" data-rl_caption=\"\" data-rel=\"lightbox-gallery-1\"><img loading=\"lazy\" decoding=\"async\" width=\"550\" height=\"550\" src=\"https:\/\/esthetic.sk\/wp-content\/uploads\/2025\/08\/116-550x550.jpg\" class=\"attachment-thumbnail size-thumbnail\" alt=\"\" srcset=\"https:\/\/esthetic.sk\/wp-content\/uploads\/2025\/08\/116-550x550.jpg 550w, https:\/\/esthetic.sk\/wp-content\/uploads\/2025\/08\/116-100x100.jpg 100w, https:\/\/esthetic.sk\/wp-content\/uploads\/2025\/08\/116-80x80.jpg 80w, https:\/\/esthetic.sk\/wp-content\/uploads\/2025\/08\/116-250x250.jpg 250w\" sizes=\"100vw\" \/><\/a>\n\t\t\t<\/div><\/figure><figure class='gallery-item'>\n\t\t\t<div class='gallery-icon landscape'>\n\t\t\t\t<a href='https:\/\/esthetic.sk\/wp-content\/uploads\/2025\/08\/18.jpg' title=\"\" data-rl_title=\"\" class=\"rl-gallery-link\" data-rl_caption=\"\" data-rel=\"lightbox-gallery-1\"><img loading=\"lazy\" decoding=\"async\" width=\"550\" height=\"550\" src=\"https:\/\/esthetic.sk\/wp-content\/uploads\/2025\/08\/18-550x550.jpg\" class=\"attachment-thumbnail size-thumbnail\" alt=\"\" srcset=\"https:\/\/esthetic.sk\/wp-content\/uploads\/2025\/08\/18-550x550.jpg 550w, https:\/\/esthetic.sk\/wp-content\/uploads\/2025\/08\/18-100x100.jpg 100w, https:\/\/esthetic.sk\/wp-content\/uploads\/2025\/08\/18-80x80.jpg 80w, https:\/\/esthetic.sk\/wp-content\/uploads\/2025\/08\/18-250x250.jpg 250w\" sizes=\"100vw\" \/><\/a>\n\t\t\t<\/div><\/figure><figure class='gallery-item'>\n\t\t\t<div class='gallery-icon landscape'>\n\t\t\t\t<a href='https:\/\/esthetic.sk\/wp-content\/uploads\/2025\/08\/115-scaled.jpg' title=\"\" data-rl_title=\"\" class=\"rl-gallery-link\" data-rl_caption=\"\" data-rel=\"lightbox-gallery-1\"><img loading=\"lazy\" decoding=\"async\" width=\"550\" height=\"550\" src=\"https:\/\/esthetic.sk\/wp-content\/uploads\/2025\/08\/115-550x550.jpg\" class=\"attachment-thumbnail size-thumbnail\" alt=\"\" srcset=\"https:\/\/esthetic.sk\/wp-content\/uploads\/2025\/08\/115-550x550.jpg 550w, https:\/\/esthetic.sk\/wp-content\/uploads\/2025\/08\/115-100x100.jpg 100w, https:\/\/esthetic.sk\/wp-content\/uploads\/2025\/08\/115-80x80.jpg 80w, https:\/\/esthetic.sk\/wp-content\/uploads\/2025\/08\/115-250x250.jpg 250w\" sizes=\"100vw\" \/><\/a>\n\t\t\t<\/div><\/figure><figure class='gallery-item'>\n\t\t\t<div class='gallery-icon landscape'>\n\t\t\t\t<a href='https:\/\/esthetic.sk\/wp-content\/uploads\/2025\/08\/114-scaled.jpg' title=\"\" data-rl_title=\"\" class=\"rl-gallery-link\" data-rl_caption=\"\" data-rel=\"lightbox-gallery-1\"><img loading=\"lazy\" decoding=\"async\" width=\"550\" height=\"550\" src=\"https:\/\/esthetic.sk\/wp-content\/uploads\/2025\/08\/114-550x550.jpg\" class=\"attachment-thumbnail size-thumbnail\" alt=\"\" srcset=\"https:\/\/esthetic.sk\/wp-content\/uploads\/2025\/08\/114-550x550.jpg 550w, https:\/\/esthetic.sk\/wp-content\/uploads\/2025\/08\/114-100x100.jpg 100w, https:\/\/esthetic.sk\/wp-content\/uploads\/2025\/08\/114-80x80.jpg 80w, https:\/\/esthetic.sk\/wp-content\/uploads\/2025\/08\/114-250x250.jpg 250w\" sizes=\"100vw\" \/><\/a>\n\t\t\t<\/div><\/figure><figure class='gallery-item'>\n\t\t\t<div class='gallery-icon landscape'>\n\t\t\t\t<a href='https:\/\/esthetic.sk\/wp-content\/uploads\/2025\/08\/17-scaled.jpg' title=\"\" data-rl_title=\"\" class=\"rl-gallery-link\" data-rl_caption=\"\" data-rel=\"lightbox-gallery-1\"><img loading=\"lazy\" decoding=\"async\" width=\"550\" height=\"550\" src=\"https:\/\/esthetic.sk\/wp-content\/uploads\/2025\/08\/17-550x550.jpg\" class=\"attachment-thumbnail size-thumbnail\" alt=\"\" srcset=\"https:\/\/esthetic.sk\/wp-content\/uploads\/2025\/08\/17-550x550.jpg 550w, https:\/\/esthetic.sk\/wp-content\/uploads\/2025\/08\/17-100x100.jpg 100w, https:\/\/esthetic.sk\/wp-content\/uploads\/2025\/08\/17-80x80.jpg 80w, https:\/\/esthetic.sk\/wp-content\/uploads\/2025\/08\/17-250x250.jpg 250w\" sizes=\"100vw\" \/><\/a>\n\t\t\t<\/div><\/figure><figure class='gallery-item'>\n\t\t\t<div class='gallery-icon landscape'>\n\t\t\t\t<a href='https:\/\/esthetic.sk\/wp-content\/uploads\/2025\/08\/16-scaled.jpg' title=\"\" data-rl_title=\"\" class=\"rl-gallery-link\" data-rl_caption=\"\" data-rel=\"lightbox-gallery-1\"><img loading=\"lazy\" decoding=\"async\" width=\"550\" height=\"550\" src=\"https:\/\/esthetic.sk\/wp-content\/uploads\/2025\/08\/16-550x550.jpg\" class=\"attachment-thumbnail size-thumbnail\" alt=\"\" srcset=\"https:\/\/esthetic.sk\/wp-content\/uploads\/2025\/08\/16-550x550.jpg 550w, https:\/\/esthetic.sk\/wp-content\/uploads\/2025\/08\/16-100x100.jpg 100w, https:\/\/esthetic.sk\/wp-content\/uploads\/2025\/08\/16-80x80.jpg 80w, https:\/\/esthetic.sk\/wp-content\/uploads\/2025\/08\/16-250x250.jpg 250w\" sizes=\"100vw\" \/><\/a>\n\t\t\t<\/div><\/figure>\n\t\t<\/div>\n\n\n<h2>Warum sind BBL und Moxi so besonders?<\/h2>\n<ul>\n  <li><b>BBL &#8211; BroadBand LightStimuliert<\/b>Kollagen, gleicht den Hautton aus, bek\u00e4mpft Pigmentierung, Akne und R\u00f6tungen<\/li>\n  <li><b>Moxi LaserWirkt<\/b>sanft auf die Oberfl\u00e4che, verbessert die Textur und verleiht der Haut einen sofortigen &#8222;Glow&#8220;.<\/li>\n  <li><b>Kombination aus beidemSynergie aus<\/b>schneller Aufhellung und Tiefenregeneration<\/li>\n<\/ul>\n\n<div id='gallery-2' class='gallery galleryid-8921 gallery-columns-3 gallery-size-thumbnail'><figure class='gallery-item'>\n\t\t\t<div class='gallery-icon landscape'>\n\t\t\t\t<a href='https:\/\/esthetic.sk\/wp-content\/uploads\/2025\/09\/esthetic-klinika-clanok-moxi-bbl-bratislava.jpeg' title=\"\" data-rl_title=\"\" class=\"rl-gallery-link\" data-rl_caption=\"\" data-rel=\"lightbox-gallery-2\"><img loading=\"lazy\" decoding=\"async\" width=\"550\" height=\"550\" src=\"https:\/\/esthetic.sk\/wp-content\/uploads\/2025\/09\/esthetic-klinika-clanok-moxi-bbl-bratislava-550x550.jpeg\" class=\"attachment-thumbnail size-thumbnail\" alt=\"\" srcset=\"https:\/\/esthetic.sk\/wp-content\/uploads\/2025\/09\/esthetic-klinika-clanok-moxi-bbl-bratislava-550x550.jpeg 550w, https:\/\/esthetic.sk\/wp-content\/uploads\/2025\/09\/esthetic-klinika-clanok-moxi-bbl-bratislava-100x100.jpeg 100w, https:\/\/esthetic.sk\/wp-content\/uploads\/2025\/09\/esthetic-klinika-clanok-moxi-bbl-bratislava-80x80.jpeg 80w, https:\/\/esthetic.sk\/wp-content\/uploads\/2025\/09\/esthetic-klinika-clanok-moxi-bbl-bratislava-250x250.jpeg 250w\" sizes=\"100vw\" \/><\/a>\n\t\t\t<\/div><\/figure><figure class='gallery-item'>\n\t\t\t<div class='gallery-icon portrait'>\n\t\t\t\t<a href='https:\/\/esthetic.sk\/wp-content\/uploads\/2025\/09\/esthetic-klinika-clanok-moxi-bbl-bratislava-slovakia.jpeg' title=\"\" data-rl_title=\"\" class=\"rl-gallery-link\" data-rl_caption=\"\" data-rel=\"lightbox-gallery-2\"><img loading=\"lazy\" decoding=\"async\" width=\"550\" height=\"550\" src=\"https:\/\/esthetic.sk\/wp-content\/uploads\/2025\/09\/esthetic-klinika-clanok-moxi-bbl-bratislava-slovakia-550x550.jpeg\" class=\"attachment-thumbnail size-thumbnail\" alt=\"\" srcset=\"https:\/\/esthetic.sk\/wp-content\/uploads\/2025\/09\/esthetic-klinika-clanok-moxi-bbl-bratislava-slovakia-550x550.jpeg 550w, https:\/\/esthetic.sk\/wp-content\/uploads\/2025\/09\/esthetic-klinika-clanok-moxi-bbl-bratislava-slovakia-100x100.jpeg 100w, https:\/\/esthetic.sk\/wp-content\/uploads\/2025\/09\/esthetic-klinika-clanok-moxi-bbl-bratislava-slovakia-80x80.jpeg 80w, https:\/\/esthetic.sk\/wp-content\/uploads\/2025\/09\/esthetic-klinika-clanok-moxi-bbl-bratislava-slovakia-250x250.jpeg 250w\" sizes=\"100vw\" \/><\/a>\n\t\t\t<\/div><\/figure>\n\t\t<\/div>\n\n\n<h2>Ber\u00fchmtheit Trend<\/h2>\n<ul>\n  <li>Die Technologie wird von den Stars der Welt geliebt &#8211; ein nat\u00fcrliches, gesundes Aussehen ohne \u00fcberm\u00e4\u00dfige Eingriffe<\/li>\n  <li>Schnelle, sichtbare Ergebnisse mit einem sanften Verfahren<\/li>\n<\/ul>\n\n<a href=\"https:\/\/esthetic.sk\/omladenie-pleti-podporene-vedou-technologia-bbl\/\">Mehr \u00fcber BBL- und Moxi-Behandlungen finden Sie hier.<\/a>\n       <div id=\"objednavka\" style=\"text-align: center; margin: 20px auto; border: 2px solid grey; padding-top: 20px;\">\n<h3>Ich m\u00f6chte bestellen<\/h3>\n\n<div class=\"wpcf7 no-js\" id=\"wpcf7-f6268-o1\" lang=\"de-DE\" dir=\"ltr\">\n<div class=\"screen-reader-response\"><p role=\"status\" aria-live=\"polite\" aria-atomic=\"true\"><\/p> <ul><\/ul><\/div>\n<form action=\"\/de\/wp-json\/wp\/v2\/posts\/8921#wpcf7-f6268-o1\" method=\"post\" class=\"wpcf7-form init wpcf7-acceptance-as-validation\" aria-label=\"Kontaktformular\" novalidate=\"novalidate\" data-status=\"init\">\n<div style=\"display: none;\">\n<input type=\"hidden\" name=\"_wpcf7\" value=\"6268\" \/>\n<input type=\"hidden\" name=\"_wpcf7_version\" value=\"5.9.8\" \/>\n<input type=\"hidden\" name=\"_wpcf7_locale\" value=\"de_DE\" \/>\n<input type=\"hidden\" name=\"_wpcf7_unit_tag\" value=\"wpcf7-f6268-o1\" \/>\n<input type=\"hidden\" name=\"_wpcf7_container_post\" value=\"0\" \/>\n<input type=\"hidden\" name=\"_wpcf7_posted_data_hash\" value=\"\" \/>\n<input type=\"hidden\" name=\"_wpcf7_recaptcha_response\" value=\"\" \/>\n<\/div>\n<div class=\"big-form\">\n\t<div class=\"l-part\">\n\t\t<p><label><span class=\"p\">Ihr Name<\/span><span class=\"wpcf7-form-control-wrap\" data-name=\"Ihr-Name-Platzhalter\"><input size=\"40\" maxlength=\"400\" class=\"wpcf7-form-control wpcf7-text wpcf7-validates-as-required\" aria-required=\"true\" aria-invalid=\"false\" value=\"Ihr Name\" type=\"text\" name=\"Ihr-Name-Platzhalter\" \/><\/span><\/label>\n\t\t<\/p>\n\t\t<p><label><br \/>\n<span class=\"p\">Ihre E-Mail*<\/span><br \/>\n<span class=\"wpcf7-form-control-wrap\" data-name=\"ihre-email\"><input size=\"40\" maxlength=\"400\" class=\"wpcf7-form-control wpcf7-text wpcf7-validates-as-required\" aria-required=\"true\" aria-invalid=\"false\" value=\"Ihre E-Mail*\" type=\"text\" name=\"ihre-email\" \/><\/span><br \/>\n<\/label>\n\t\t<\/p>\n\t\t<p><label><br \/>\n<span class=\"p\">Telefon<\/span><br \/>\n<span class=\"wpcf7-form-control-wrap\" data-name=\"ihr-telefon\"><input size=\"40\" maxlength=\"400\" class=\"wpcf7-form-control wpcf7-tel wpcf7-validates-as-required wpcf7-text wpcf7-validates-as-tel\" aria-required=\"true\" aria-invalid=\"false\" value=\"Telefon\" type=\"tel\" name=\"ihr-telefon\" \/><\/span><br \/>\n<\/label>\n\t\t<\/p>\n\t<\/div>\n\t<div class=\"r-part\">\n\t\t<p><label><br \/>\n<span class=\"p\">Adressierung<\/span><br \/>\n<span class=\"wpcf7-form-control-wrap\" data-name=\"your-oslovenie\"><select class=\"wpcf7-form-control wpcf7-select\" aria-invalid=\"false\" name=\"your-oslovenie\"><option value=\"\">W\u00e4hlen Sie eine Adresse<\/option><option value=\"Frau\">Frau<\/option><option value=\"Frau\">Frau<\/option><option value=\"Herr\">Herr<\/option><\/select><\/span><br \/>\n<\/label>\n\t\t<\/p>\n\t\t<p><label><br \/>\n<span class=\"p\">Schreiben Sie hier, womit wir Ihnen helfen k\u00f6nnen<\/span><br \/>\n<span class=\"wpcf7-form-control-wrap\" data-name=\"your-message\"><textarea cols=\"40\" rows=\"10\" maxlength=\"2000\" class=\"wpcf7-form-control wpcf7-textarea\" aria-invalid=\"false\" placeholder=\"Schreiben Sie hier, womit wir Ihnen helfen k\u00f6nnen\" name=\"your-message\"><\/textarea><\/span><br \/>\n<\/label>\n\t\t<\/p>\n\t<\/div>\n\t<div class=\"bottom\">\n\t\t<div class=\"note\">\n\t\t\t<div class=\"akceptacia\">\n\t\t\t\t<p><span class=\"wpcf7-form-control-wrap\" data-name=\"acceptance-156\"><span class=\"wpcf7-form-control wpcf7-acceptance\"><span class=\"wpcf7-list-item\"><input type=\"checkbox\" name=\"acceptance-156\" value=\"1\" aria-invalid=\"false\" \/><\/span><\/span><\/span><span class=\"akceptujem\">* Ich habe <a href=\"https:\/\/esthetic.sk\/ochrana-osobnych-udajov\/\" target=\"_blank\">hier \u00fcber die Verarbeitung personenbezogener Daten<\/a> gelesen.<\/span>\n\t\t\t\t<\/p>\n\t\t\t<\/div>\n\t\t<\/div>\n\t\t<p><span id=\"wpcf7-69f1b9acb15ec-wrapper\" class=\"wpcf7-form-control-wrap email-23-wrap\" style=\"display:none !important; visibility:hidden !important;\"><label for=\"wpcf7-69f1b9acb15ec-field\" class=\"hp-message\">Bitte lasse dieses Feld leer.<\/label><input id=\"wpcf7-69f1b9acb15ec-field\"  class=\"wpcf7-form-control wpcf7-text\" type=\"text\" name=\"email-23\" value=\"\" size=\"40\" tabindex=\"-1\" autocomplete=\"new-password\" \/><\/span><br \/>\n<input class=\"wpcf7-form-control wpcf7-submit has-spinner\" type=\"submit\" value=\"Senden an\" \/>\n\t\t<\/p>\n\t<\/div>\n<\/div><p style=\"display: none !important;\" class=\"akismet-fields-container\" data-prefix=\"_wpcf7_ak_\"><label>&#916;<textarea name=\"_wpcf7_ak_hp_textarea\" cols=\"45\" rows=\"8\" maxlength=\"100\"><\/textarea><\/label><input type=\"hidden\" id=\"ak_js_1\" name=\"_wpcf7_ak_js\" value=\"170\"\/><script>document.getElementById( \"ak_js_1\" ).setAttribute( \"value\", ( new Date() ).getTime() );<\/script><\/p><input type='hidden' class='wpcf7-pum' value='{\"closepopup\":false,\"closedelay\":0,\"openpopup\":false,\"openpopup_id\":0}' \/><div class=\"wpcf7-response-output\" aria-hidden=\"true\"><\/div>\n<\/form>\n<\/div>\n\n\n<\/div>","protected":false},"excerpt":{"rendered":"Der Trend zur \u00c4sthetik \u00e4ndert sich Eine neue \u00c4ra der \u00e4sthetischen Dermatologie: sanfte, schonende Technologien mit nat\u00fcrlicher Hautverj\u00fcngung Kombination aus BBL (BroadBand Light) und Moxi-Laser &#8211; schnelle Hautaufhellung ohne l\u00e4ngere Erholungsphase Ziel: nat\u00fcrliche Sch\u00f6nheit, ges\u00fcnderer Hautton und Vorbeugung der Hautalterung Was die Experten sagen MUDr. Alexandra Novotn\u00e1 Rozborilov\u00e1, PhD. &#8211; erkl\u00e4rt die Wirkung von BBL","protected":false},"author":1,"featured_media":8918,"comment_status":"open","ping_status":"open","sticky":false,"template":"","format":"standard","meta":{"inline_featured_image":false,"footnotes":""},"categories":[46],"tags":[],"class_list":["post-8921","post","type-post","status-publish","format-standard","has-post-thumbnail","hentry","category-blog"],"yoast_head":"<!-- This site is optimized with the Yoast SEO plugin v23.7 - https:\/\/yoast.com\/wordpress\/plugins\/seo\/ -->\n<title>Eine neue \u00c4ra der \u00e4sthetischen Dermatologie | Esthetic Bratislava<\/title>\n<meta name=\"robots\" content=\"index, follow, max-snippet:-1, max-image-preview:large, max-video-preview:-1\" \/>\n<link rel=\"canonical\" href=\"https:\/\/esthetic.sk\/de\/blog\/eine-neue-aera-der-aesthetischen-dermatologie\/\" \/>\n<meta property=\"og:locale\" content=\"de_DE\" \/>\n<meta property=\"og:type\" content=\"article\" \/>\n<meta property=\"og:title\" content=\"Eine neue \u00c4ra der \u00e4sthetischen Dermatologie | Esthetic Bratislava\" \/>\n<meta property=\"og:description\" content=\"Der Trend zur \u00c4sthetik \u00e4ndert sich Eine neue \u00c4ra der \u00e4sthetischen Dermatologie: sanfte, schonende Technologien mit nat\u00fcrlicher Hautverj\u00fcngung Kombination aus BBL (BroadBand Light) und Moxi-Laser &#8211; schnelle Hautaufhellung ohne l\u00e4ngere Erholungsphase Ziel: nat\u00fcrliche Sch\u00f6nheit, ges\u00fcnderer Hautton und Vorbeugung der Hautalterung Was die Experten sagen MUDr. Alexandra Novotn\u00e1 Rozborilov\u00e1, PhD. &#8211; erkl\u00e4rt die Wirkung von BBL\" \/>\n<meta property=\"og:url\" content=\"https:\/\/esthetic.sk\/de\/blog\/eine-neue-aera-der-aesthetischen-dermatologie\/\" \/>\n<meta property=\"og:site_name\" content=\"Esthetic Bratislava\" \/>\n<meta property=\"article:publisher\" content=\"https:\/\/www.facebook.com\/Klinikaesthetic\" \/>\n<meta property=\"article:published_time\" content=\"2025-09-12T06:56:45+00:00\" \/>\n<meta property=\"article:modified_time\" content=\"2025-09-12T06:59:05+00:00\" \/>\n<meta property=\"og:image\" content=\"https:\/\/esthetic.sk\/wp-content\/uploads\/2025\/09\/trend-v-estetike-esthetic-klinika-bratislava-moxi-bbb.jpg\" \/>\n\t<meta property=\"og:image:width\" content=\"1920\" \/>\n\t<meta property=\"og:image:height\" content=\"1080\" \/>\n\t<meta property=\"og:image:type\" content=\"image\/jpeg\" \/>\n<meta name=\"author\" content=\"martin\" \/>\n<meta name=\"twitter:card\" content=\"summary_large_image\" \/>\n<meta name=\"twitter:label1\" content=\"Verfasst von\" \/>\n\t<meta name=\"twitter:data1\" content=\"martin\" \/>\n\t<meta name=\"twitter:label2\" content=\"Gesch\u00e4tzte Lesezeit\" \/>\n\t<meta name=\"twitter:data2\" content=\"1\u00a0Minute\" \/>\n<script type=\"application\/ld+json\" class=\"yoast-schema-graph\">{\"@context\":\"https:\/\/schema.org\",\"@graph\":[{\"@type\":\"Article\",\"@id\":\"https:\/\/esthetic.sk\/de\/blog\/eine-neue-aera-der-aesthetischen-dermatologie\/#article\",\"isPartOf\":{\"@id\":\"https:\/\/esthetic.sk\/de\/blog\/eine-neue-aera-der-aesthetischen-dermatologie\/\"},\"author\":{\"name\":\"martin\",\"@id\":\"https:\/\/esthetic.sk\/#\/schema\/person\/345d9579357cc0db1ce9265f069e535f\"},\"headline\":\"Eine neue \u00c4ra der \u00e4sthetischen Dermatologie\",\"datePublished\":\"2025-09-12T06:56:45+00:00\",\"dateModified\":\"2025-09-12T06:59:05+00:00\",\"mainEntityOfPage\":{\"@id\":\"https:\/\/esthetic.sk\/de\/blog\/eine-neue-aera-der-aesthetischen-dermatologie\/\"},\"wordCount\":202,\"commentCount\":0,\"publisher\":{\"@id\":\"https:\/\/esthetic.sk\/#organization\"},\"image\":{\"@id\":\"https:\/\/esthetic.sk\/de\/blog\/eine-neue-aera-der-aesthetischen-dermatologie\/#primaryimage\"},\"thumbnailUrl\":\"https:\/\/esthetic.sk\/wp-content\/uploads\/2025\/09\/trend-v-estetike-esthetic-klinika-bratislava-moxi-bbb.jpg\",\"articleSection\":[\"Blog\"],\"inLanguage\":\"de\",\"potentialAction\":[{\"@type\":\"CommentAction\",\"name\":\"Comment\",\"target\":[\"https:\/\/esthetic.sk\/de\/blog\/eine-neue-aera-der-aesthetischen-dermatologie\/#respond\"]}]},{\"@type\":\"WebPage\",\"@id\":\"https:\/\/esthetic.sk\/de\/blog\/eine-neue-aera-der-aesthetischen-dermatologie\/\",\"url\":\"https:\/\/esthetic.sk\/de\/blog\/eine-neue-aera-der-aesthetischen-dermatologie\/\",\"name\":\"Eine neue \u00c4ra der \u00e4sthetischen Dermatologie | Esthetic Bratislava\",\"isPartOf\":{\"@id\":\"https:\/\/esthetic.sk\/#website\"},\"primaryImageOfPage\":{\"@id\":\"https:\/\/esthetic.sk\/de\/blog\/eine-neue-aera-der-aesthetischen-dermatologie\/#primaryimage\"},\"image\":{\"@id\":\"https:\/\/esthetic.sk\/de\/blog\/eine-neue-aera-der-aesthetischen-dermatologie\/#primaryimage\"},\"thumbnailUrl\":\"https:\/\/esthetic.sk\/wp-content\/uploads\/2025\/09\/trend-v-estetike-esthetic-klinika-bratislava-moxi-bbb.jpg\",\"datePublished\":\"2025-09-12T06:56:45+00:00\",\"dateModified\":\"2025-09-12T06:59:05+00:00\",\"breadcrumb\":{\"@id\":\"https:\/\/esthetic.sk\/de\/blog\/eine-neue-aera-der-aesthetischen-dermatologie\/#breadcrumb\"},\"inLanguage\":\"de\",\"potentialAction\":[{\"@type\":\"ReadAction\",\"target\":[\"https:\/\/esthetic.sk\/de\/blog\/eine-neue-aera-der-aesthetischen-dermatologie\/\"]}]},{\"@type\":\"ImageObject\",\"inLanguage\":\"de\",\"@id\":\"https:\/\/esthetic.sk\/de\/blog\/eine-neue-aera-der-aesthetischen-dermatologie\/#primaryimage\",\"url\":\"https:\/\/esthetic.sk\/wp-content\/uploads\/2025\/09\/trend-v-estetike-esthetic-klinika-bratislava-moxi-bbb.jpg\",\"contentUrl\":\"https:\/\/esthetic.sk\/wp-content\/uploads\/2025\/09\/trend-v-estetike-esthetic-klinika-bratislava-moxi-bbb.jpg\",\"width\":1920,\"height\":1080},{\"@type\":\"BreadcrumbList\",\"@id\":\"https:\/\/esthetic.sk\/de\/blog\/eine-neue-aera-der-aesthetischen-dermatologie\/#breadcrumb\",\"itemListElement\":[{\"@type\":\"ListItem\",\"position\":1,\"name\":\"Home\",\"item\":\"https:\/\/esthetic.sk\/\"},{\"@type\":\"ListItem\",\"position\":2,\"name\":\"Eine neue \u00c4ra der \u00e4sthetischen Dermatologie\"}]},{\"@type\":\"WebSite\",\"@id\":\"https:\/\/esthetic.sk\/#website\",\"url\":\"https:\/\/esthetic.sk\/\",\"name\":\"Esthetic Bratislava\",\"description\":\"R\u00fdchla cesta k dokonal\u00e9mu vz\u013eadu\",\"publisher\":{\"@id\":\"https:\/\/esthetic.sk\/#organization\"},\"potentialAction\":[{\"@type\":\"SearchAction\",\"target\":{\"@type\":\"EntryPoint\",\"urlTemplate\":\"https:\/\/esthetic.sk\/?s={search_term_string}\"},\"query-input\":{\"@type\":\"PropertyValueSpecification\",\"valueRequired\":true,\"valueName\":\"search_term_string\"}}],\"inLanguage\":\"de\"},{\"@type\":\"Organization\",\"@id\":\"https:\/\/esthetic.sk\/#organization\",\"name\":\"Esthetic .s.r.o.\",\"url\":\"https:\/\/esthetic.sk\/\",\"logo\":{\"@type\":\"ImageObject\",\"inLanguage\":\"de\",\"@id\":\"https:\/\/esthetic.sk\/#\/schema\/logo\/image\/\",\"url\":\"https:\/\/esthetic.sk\/wp-content\/uploads\/2019\/02\/logo-1.svg\",\"contentUrl\":\"https:\/\/esthetic.sk\/wp-content\/uploads\/2019\/02\/logo-1.svg\",\"width\":1,\"height\":1,\"caption\":\"Esthetic .s.r.o.\"},\"image\":{\"@id\":\"https:\/\/esthetic.sk\/#\/schema\/logo\/image\/\"},\"sameAs\":[\"https:\/\/www.facebook.com\/Klinikaesthetic\",\"https:\/\/www.instagram.com\/klinikaesthetic\/\",\"https:\/\/www.youtube.com\/channel\/UC8AgtXNjHpne8qWdj9szu1A\"]},{\"@type\":\"Person\",\"@id\":\"https:\/\/esthetic.sk\/#\/schema\/person\/345d9579357cc0db1ce9265f069e535f\",\"name\":\"martin\",\"image\":{\"@type\":\"ImageObject\",\"inLanguage\":\"de\",\"@id\":\"https:\/\/esthetic.sk\/#\/schema\/person\/image\/\",\"url\":\"https:\/\/secure.gravatar.com\/avatar\/027b15c6c285c23386b7a2e12376d593?s=96&d=mm&r=g\",\"contentUrl\":\"https:\/\/secure.gravatar.com\/avatar\/027b15c6c285c23386b7a2e12376d593?s=96&d=mm&r=g\",\"caption\":\"martin\"},\"url\":\"https:\/\/esthetic.sk\/de\/author\/martin\/\"}]}<\/script>\n<!-- \/ Yoast SEO plugin. -->","yoast_head_json":{"title":"Eine neue \u00c4ra der \u00e4sthetischen Dermatologie | Esthetic Bratislava","robots":{"index":"index","follow":"follow","max-snippet":"max-snippet:-1","max-image-preview":"max-image-preview:large","max-video-preview":"max-video-preview:-1"},"canonical":"https:\/\/esthetic.sk\/de\/blog\/eine-neue-aera-der-aesthetischen-dermatologie\/","og_locale":"de_DE","og_type":"article","og_title":"Eine neue \u00c4ra der \u00e4sthetischen Dermatologie | Esthetic Bratislava","og_description":"Der Trend zur \u00c4sthetik \u00e4ndert sich Eine neue \u00c4ra der \u00e4sthetischen Dermatologie: sanfte, schonende Technologien mit nat\u00fcrlicher Hautverj\u00fcngung Kombination aus BBL (BroadBand Light) und Moxi-Laser &#8211; schnelle Hautaufhellung ohne l\u00e4ngere Erholungsphase Ziel: nat\u00fcrliche Sch\u00f6nheit, ges\u00fcnderer Hautton und Vorbeugung der Hautalterung Was die Experten sagen MUDr. Alexandra Novotn\u00e1 Rozborilov\u00e1, PhD. &#8211; erkl\u00e4rt die Wirkung von BBL","og_url":"https:\/\/esthetic.sk\/de\/blog\/eine-neue-aera-der-aesthetischen-dermatologie\/","og_site_name":"Esthetic Bratislava","article_publisher":"https:\/\/www.facebook.com\/Klinikaesthetic","article_published_time":"2025-09-12T06:56:45+00:00","article_modified_time":"2025-09-12T06:59:05+00:00","og_image":[{"width":1920,"height":1080,"url":"https:\/\/esthetic.sk\/wp-content\/uploads\/2025\/09\/trend-v-estetike-esthetic-klinika-bratislava-moxi-bbb.jpg","type":"image\/jpeg"}],"author":"martin","twitter_card":"summary_large_image","twitter_misc":{"Verfasst von":"martin","Gesch\u00e4tzte Lesezeit":"1\u00a0Minute"},"schema":{"@context":"https:\/\/schema.org","@graph":[{"@type":"Article","@id":"https:\/\/esthetic.sk\/de\/blog\/eine-neue-aera-der-aesthetischen-dermatologie\/#article","isPartOf":{"@id":"https:\/\/esthetic.sk\/de\/blog\/eine-neue-aera-der-aesthetischen-dermatologie\/"},"author":{"name":"martin","@id":"https:\/\/esthetic.sk\/#\/schema\/person\/345d9579357cc0db1ce9265f069e535f"},"headline":"Eine neue \u00c4ra der \u00e4sthetischen Dermatologie","datePublished":"2025-09-12T06:56:45+00:00","dateModified":"2025-09-12T06:59:05+00:00","mainEntityOfPage":{"@id":"https:\/\/esthetic.sk\/de\/blog\/eine-neue-aera-der-aesthetischen-dermatologie\/"},"wordCount":202,"commentCount":0,"publisher":{"@id":"https:\/\/esthetic.sk\/#organization"},"image":{"@id":"https:\/\/esthetic.sk\/de\/blog\/eine-neue-aera-der-aesthetischen-dermatologie\/#primaryimage"},"thumbnailUrl":"https:\/\/esthetic.sk\/wp-content\/uploads\/2025\/09\/trend-v-estetike-esthetic-klinika-bratislava-moxi-bbb.jpg","articleSection":["Blog"],"inLanguage":"de","potentialAction":[{"@type":"CommentAction","name":"Comment","target":["https:\/\/esthetic.sk\/de\/blog\/eine-neue-aera-der-aesthetischen-dermatologie\/#respond"]}]},{"@type":"WebPage","@id":"https:\/\/esthetic.sk\/de\/blog\/eine-neue-aera-der-aesthetischen-dermatologie\/","url":"https:\/\/esthetic.sk\/de\/blog\/eine-neue-aera-der-aesthetischen-dermatologie\/","name":"Eine neue \u00c4ra der \u00e4sthetischen Dermatologie | Esthetic Bratislava","isPartOf":{"@id":"https:\/\/esthetic.sk\/#website"},"primaryImageOfPage":{"@id":"https:\/\/esthetic.sk\/de\/blog\/eine-neue-aera-der-aesthetischen-dermatologie\/#primaryimage"},"image":{"@id":"https:\/\/esthetic.sk\/de\/blog\/eine-neue-aera-der-aesthetischen-dermatologie\/#primaryimage"},"thumbnailUrl":"https:\/\/esthetic.sk\/wp-content\/uploads\/2025\/09\/trend-v-estetike-esthetic-klinika-bratislava-moxi-bbb.jpg","datePublished":"2025-09-12T06:56:45+00:00","dateModified":"2025-09-12T06:59:05+00:00","breadcrumb":{"@id":"https:\/\/esthetic.sk\/de\/blog\/eine-neue-aera-der-aesthetischen-dermatologie\/#breadcrumb"},"inLanguage":"de","potentialAction":[{"@type":"ReadAction","target":["https:\/\/esthetic.sk\/de\/blog\/eine-neue-aera-der-aesthetischen-dermatologie\/"]}]},{"@type":"ImageObject","inLanguage":"de","@id":"https:\/\/esthetic.sk\/de\/blog\/eine-neue-aera-der-aesthetischen-dermatologie\/#primaryimage","url":"https:\/\/esthetic.sk\/wp-content\/uploads\/2025\/09\/trend-v-estetike-esthetic-klinika-bratislava-moxi-bbb.jpg","contentUrl":"https:\/\/esthetic.sk\/wp-content\/uploads\/2025\/09\/trend-v-estetike-esthetic-klinika-bratislava-moxi-bbb.jpg","width":1920,"height":1080},{"@type":"BreadcrumbList","@id":"https:\/\/esthetic.sk\/de\/blog\/eine-neue-aera-der-aesthetischen-dermatologie\/#breadcrumb","itemListElement":[{"@type":"ListItem","position":1,"name":"Home","item":"https:\/\/esthetic.sk\/"},{"@type":"ListItem","position":2,"name":"Eine neue \u00c4ra der \u00e4sthetischen Dermatologie"}]},{"@type":"WebSite","@id":"https:\/\/esthetic.sk\/#website","url":"https:\/\/esthetic.sk\/","name":"Esthetic Bratislava","description":"R\u00fdchla cesta k dokonal\u00e9mu vz\u013eadu","publisher":{"@id":"https:\/\/esthetic.sk\/#organization"},"potentialAction":[{"@type":"SearchAction","target":{"@type":"EntryPoint","urlTemplate":"https:\/\/esthetic.sk\/?s={search_term_string}"},"query-input":{"@type":"PropertyValueSpecification","valueRequired":true,"valueName":"search_term_string"}}],"inLanguage":"de"},{"@type":"Organization","@id":"https:\/\/esthetic.sk\/#organization","name":"Esthetic .s.r.o.","url":"https:\/\/esthetic.sk\/","logo":{"@type":"ImageObject","inLanguage":"de","@id":"https:\/\/esthetic.sk\/#\/schema\/logo\/image\/","url":"https:\/\/esthetic.sk\/wp-content\/uploads\/2019\/02\/logo-1.svg","contentUrl":"https:\/\/esthetic.sk\/wp-content\/uploads\/2019\/02\/logo-1.svg","width":1,"height":1,"caption":"Esthetic .s.r.o."},"image":{"@id":"https:\/\/esthetic.sk\/#\/schema\/logo\/image\/"},"sameAs":["https:\/\/www.facebook.com\/Klinikaesthetic","https:\/\/www.instagram.com\/klinikaesthetic\/","https:\/\/www.youtube.com\/channel\/UC8AgtXNjHpne8qWdj9szu1A"]},{"@type":"Person","@id":"https:\/\/esthetic.sk\/#\/schema\/person\/345d9579357cc0db1ce9265f069e535f","name":"martin","image":{"@type":"ImageObject","inLanguage":"de","@id":"https:\/\/esthetic.sk\/#\/schema\/person\/image\/","url":"https:\/\/secure.gravatar.com\/avatar\/027b15c6c285c23386b7a2e12376d593?s=96&d=mm&r=g","contentUrl":"https:\/\/secure.gravatar.com\/avatar\/027b15c6c285c23386b7a2e12376d593?s=96&d=mm&r=g","caption":"martin"},"url":"https:\/\/esthetic.sk\/de\/author\/martin\/"}]}},"_links":{"self":[{"href":"https:\/\/esthetic.sk\/de\/wp-json\/wp\/v2\/posts\/8921"}],"collection":[{"href":"https:\/\/esthetic.sk\/de\/wp-json\/wp\/v2\/posts"}],"about":[{"href":"https:\/\/esthetic.sk\/de\/wp-json\/wp\/v2\/types\/post"}],"author":[{"embeddable":true,"href":"https:\/\/esthetic.sk\/de\/wp-json\/wp\/v2\/users\/1"}],"replies":[{"embeddable":true,"href":"https:\/\/esthetic.sk\/de\/wp-json\/wp\/v2\/comments?post=8921"}],"version-history":[{"count":3,"href":"https:\/\/esthetic.sk\/de\/wp-json\/wp\/v2\/posts\/8921\/revisions"}],"predecessor-version":[{"id":8930,"href":"https:\/\/esthetic.sk\/de\/wp-json\/wp\/v2\/posts\/8921\/revisions\/8930"}],"wp:featuredmedia":[{"embeddable":true,"href":"https:\/\/esthetic.sk\/de\/wp-json\/wp\/v2\/media\/8918"}],"wp:attachment":[{"href":"https:\/\/esthetic.sk\/de\/wp-json\/wp\/v2\/media?parent=8921"}],"wp:term":[{"taxonomy":"category","embeddable":true,"href":"https:\/\/esthetic.sk\/de\/wp-json\/wp\/v2\/categories?post=8921"},{"taxonomy":"post_tag","embeddable":true,"href":"https:\/\/esthetic.sk\/de\/wp-json\/wp\/v2\/tags?post=8921"}],"curies":[{"name":"wp","href":"https:\/\/api.w.org\/{rel}","templated":true}]}}