{"id":6225,"date":"2024-04-16T20:45:36","date_gmt":"2024-04-16T18:45:36","guid":{"rendered":"https:\/\/esthetic.sk\/unkategorisiert\/oh-die-falten-preco-ich-mame-a-vieme-sa-ich-vobec-zbavit\/"},"modified":"2024-05-02T07:42:56","modified_gmt":"2024-05-02T05:42:56","slug":"oh-die-falten-warum-haben-wir-sie-und-wie-koennen-wir-sie-ueberhaupt-loswerden","status":"publish","type":"post","link":"https:\/\/esthetic.sk\/de\/blog\/oh-die-falten-warum-haben-wir-sie-und-wie-koennen-wir-sie-ueberhaupt-loswerden\/","title":{"rendered":"Oh die Falten&#8230; Warum haben wir sie und wie k\u00f6nnen wir sie \u00fcberhaupt loswerden?"},"content":{"rendered":"Die Alterung ist ein nat\u00fcrlicher Prozess, der sich leider am deutlichsten auf unserer Haut zeigt. Die alternde Haut wird allm\u00e4hlich schw\u00e4cher und f\u00e4llt ab, wodurch sich Falten, Linien und Furchen bilden. Der Schweregrad dieser Ver\u00e4nderungen h\u00e4ngt von der genetischen Veranlagung, dem Fototyp der Haut und Umweltfaktoren ab.<\/p>\n<p style=\"text-align: justify;\">\n  In der Dermatologie und der \u00e4sthetischen Medizin werden verschiedene Grade von &#8222;faltiger&#8220; Haut unterschieden:<\/p>\n<p style=\"text-align: justify;\">\n\t<strong>M\u00e4\u00dfiger Grad <\/strong>&#8211; es gibt nur ein paar Falten auf der Haut, die kaum mit Make-up abgedeckt werden m\u00fcssen.<br>\n\t<strong>Mittel<\/strong> &#8211; die Haut ist blass bis grau, enth\u00e4lt vorzeitige Linien und Falten, deren Korrektur ein wenig Make-up erfordert.<br>\n\t<strong>Fortgeschrittenes Stadium<\/strong> &#8211; die Haut hat bereits dauerhafte Falten, die Hautfarbe ist grau mit vergr\u00f6\u00dferten Windungen, Poren und Sonnenflecken, die Haut ben\u00f6tigt eine intensive Make-up-Abdeckung.<br>\n\tSchwerer <strong>Grad<\/strong> &#8211; bedeutet bereits das Vorhandensein von tiefen Falten und Furchen, einer Reihe von erweiterten Blutgef\u00e4\u00dfen und Pigmentierungen, die nicht vollst\u00e4ndig mit Make-up abgedeckt werden k\u00f6nnen.<\/p>\n<p style=\"text-align: justify;\">\n\t<strong>Wie entstehen Falten?  <\/strong><br>\n  Die folgenden Faktoren sind an der Entstehung von Falten beteiligt:<\/p>\n<ul>\n\t<li style=\"text-align: justify;\">\n  biologische Alterung<\/li>\n\t<li style=\"text-align: justify;\">\n  direktes Sonnenlicht<\/li>\n\t<li style=\"text-align: justify;\">\n  Bewegungen der mimischen Muskeln<\/li>\n\t<li style=\"text-align: justify;\">\n  Schwerkraft<\/li>\n\t<li style=\"text-align: justify;\">\n  Verletzungen<\/li>\n\t<li style=\"text-align: justify;\">\n  chirurgische Eingriffe<\/li>\n\t<li style=\"text-align: justify;\">\n  Akne<\/li>\n\t<li style=\"text-align: justify;\">\n  andere Hautkrankheiten, die zu Narbenbildung neigen (z.B. Lupus)<\/li>\n\t<li style=\"text-align: justify;\">\n  Rauchen<\/li>\n<\/ul>\n<p style=\"text-align: justify;\">\n\t<strong>Feine Linien  <\/strong><br>\n  Feine Linien und Falten entstehen durch eine unregelm\u00e4\u00dfige Verdickung der Dermis und durch eine Abnahme der Wassermenge in der Epidermis. Die Austrocknung der Haut wird haupts\u00e4chlich durch direkte Sonneneinstrahlung, verschiedene Umweltgifte und Rauchen verursacht.<\/p>\n<p style=\"text-align: justify;\">\n\t<strong>Die Furchen  <\/strong><br>\n  Tiefere Linien oder Rillen werden als dynamisch oder statisch eingestuft. Dynamische Linien entstehen w\u00e4hrend der Bewegung, d.h. zum Zeitpunkt der Aktivit\u00e4t der Gesichtsmuskeln. Dynamische Linien werden allm\u00e4hlich zu statischen Linien und werden auf der Haut sichtbar, auch wenn sich die Gesichtsmuskeln nicht bewegen. So entstehen zum Beispiel die F\u00e4cher um die Augen, die durch L\u00e4cheln und die Aktivit\u00e4t der Augenmuskeln verursacht werden. Auch Falten auf der Stirn sind das Ergebnis der Kontraktion des Stirnmuskels und des Anhebens der Augenbrauen. Die Zornesfalten zwischen den Augenbrauen werden wiederum verursacht, wenn wir die Stirn runzeln oder oft nachdenklich sind. Auch um die Lippen herum bilden sich oft dynamische Falten.<\/p>\n<p style=\"text-align: justify;\">\n  Wenn die Haut altert, verliert sie ihre Elastizit\u00e4t und Spannkraft und nimmt aufgrund der Schwerkraft allm\u00e4hlich ab. Die Haut wird durch den Abbau von Fettzellen im Unterhautgewebe und den Verlust von Kollagen- und Elastinfasern in der Dermis mit zunehmendem Alter geschw\u00e4cht.<\/p>\n<p style=\"text-align: justify;\">\n\t<strong>Das Ergebnis:  <\/strong><\/p>\n<ul>\n\t<li style=\"text-align: justify;\">\n  Augenbrauen-Ptose (die Stirn senkt sich, so dass die Augenbrauen \u00fcber die Augenlider fallen).<\/li>\n\t<li style=\"text-align: justify;\">\n  Augenlid-Ptose (das obere Augenlid h\u00e4ngt \u00fcber dem Auge, in manchen F\u00e4llen so weit, dass die Sicht eingeschr\u00e4nkt ist).<\/li>\n\t<li style=\"text-align: justify;\">\n  Tr\u00e4nens\u00e4cke auf dem oberen und unteren Augenlid.<\/li>\n\t<li style=\"text-align: justify;\">\n  Herabh\u00e4ngende untere Augenlider, die eine ger\u00f6tete Schleimhaut unter dem Auge zeigen.<\/li>\n\t<li style=\"text-align: justify;\">\n  Die Lappen um den Kiefer herum.<\/li>\n\t<li style=\"text-align: justify;\">\n  Unter dem Kinn.<\/li>\n\t<li style=\"text-align: justify;\">\n  Gestreckte Ohrl\u00e4ppchen.<\/li>\n\t<li style=\"text-align: justify;\">\n  Die Spitze der Nase f\u00e4llt ab.<\/li>\n\t<li style=\"text-align: justify;\">\n  Die Oberlippe h\u00e4ngt durch.<\/li>\n<\/ul>\n<p style=\"text-align: justify;\">\n\t<strong>Welche Faltenbehandlungen gibt es?  <\/strong><\/p>\n<p style=\"text-align: justify;\">\n  Die moderne Medizin kann heute daf\u00fcr sorgen, dass die Haut viel l\u00e4nger jugendlich aussieht, als es das Alter vorgibt. Es gibt eine Reihe von Cremes, Methoden, Behandlungen und chirurgischen Eingriffen, die wirklich wirksam sind, aber in vielen F\u00e4llen m\u00fcssen sie kombiniert, wiederholt oder regelm\u00e4\u00dfig angewendet werden. Der billigste und effektivste Weg, Ihre Haut vor vorzeitiger Alterung zu sch\u00fctzen, ist, sie vor direkter Sonneneinstrahlung zu sch\u00fctzen und das Rauchen zu vermeiden, einschlie\u00dflich des Passivrauchens, d. h. sich in einer verrauchten Umgebung aufzuhalten.<\/p>\n<p style=\"text-align: justify;\">\n  Ein weiteres Muss ist die regelm\u00e4\u00dfige Fl\u00fcssigkeitszufuhr. Hochwertige Kosmetikprodukte mit feuchtigkeitsspendender Wirkung verbessern die F\u00e4higkeit der Haut, Wasser zu binden. Es ist wichtig, solche Produkte zu w\u00e4hlen, die keine Allergien ausl\u00f6sen, die Haut nicht reizen, nicht brennen und keine Akne nach der Anwendung verursachen.<\/p>\n<p style=\"text-align: justify;\">\n  Resurfacing ist ein weiteres wirksames Mittel, das verschiedene Techniken umfasst, bei denen die obere Schicht der Epidermis mit chemischen oder mechanischen Mitteln abgetragen wird. Das allm\u00e4hliche Peeling gleicht die Pigmentierung aus und verbessert die Hautstruktur. Hilft bei der Beseitigung feiner Linien und mildert statische Furchen. Dazu geh\u00f6ren oberfl\u00e4chliche und mitteltiefe chemische Peelings, Dermabrasion und Mikrodermabrasion, Neodym : YAG-Laser, CO2-Laser-Resurfacing, intensives gepulstes Licht und auch Hyalurons\u00e4ure-Implantation. &#8222;Die Kunden, die zu uns kommen, sind am meisten \u00fcber Falten um den Mund, die Augen und die Stirn besorgt. F\u00fcr dynamische Linien ist die Anwendung von Botulinumtoxin die ideale L\u00f6sung. Das Toxin bewirkt eine L\u00e4hmung der Muskeln, die f\u00fcr Zornesfalten, Kr\u00e4henf\u00fc\u00dfe um die Augen und Stirnfalten verantwortlich sind. Wir k\u00f6nnen auch die Form der Augenbrauen ver\u00e4ndern und Falten um die Lippen entfernen&#8220;, sagt MUDr. Alexandra Novotn\u00e1, Inhaberin der Clinic Esthetic.<\/p>\n<p style=\"text-align: justify;\">\n  Die plastische Chirurgie hilft in F\u00e4llen, in denen ein gr\u00f6\u00dferes Volumen des Gesichtsgewebes neu geformt und die Struktur der schlaffen Muskeln ver\u00e4ndert werden muss. Bei einem Facelift, d.h. einem totalen Facelift oder Mid-Face-Lift, wird \u00fcbersch\u00fcssige Haut entfernt und die darunter liegenden Muskeln der unteren zwei Drittel des Gesichts (Gesicht und Hals) gestrafft. Es kann auch die Haut auf der Stirn gl\u00e4tten, die Augenbrauen anheben, h\u00e4ngende Augenlider korrigieren, die h\u00e4ngende Nasenspitze anheben, \u00fcbersch\u00fcssige Haut und Fettpolster von den Augenlidern entfernen und das Aussehen eines h\u00e4ngenden Halses verbessern.<\/p>\n<p style=\"text-align: justify;\">\n  AUTOR: MUDr. Alexandra Novotn\u00e1, Dermatologin, Inhaberin der Esthetic Clinic<\/p>","protected":false},"excerpt":{"rendered":"Die Alterung ist ein nat\u00fcrlicher Prozess, der sich leider am deutlichsten auf unserer Haut zeigt. Die alternde Haut wird allm\u00e4hlich schw\u00e4cher und f\u00e4llt ab, wodurch sich Falten, Linien und Furchen bilden. Der Schweregrad dieser Ver\u00e4nderungen h\u00e4ngt von der genetischen Veranlagung, dem Fototyp der Haut und Umweltfaktoren ab. In der Dermatologie und der \u00e4sthetischen Medizin werden","protected":false},"author":1,"featured_media":5310,"comment_status":"open","ping_status":"open","sticky":false,"template":"","format":"standard","meta":{"inline_featured_image":false,"footnotes":""},"categories":[46],"tags":[],"class_list":["post-6225","post","type-post","status-publish","format-standard","has-post-thumbnail","hentry","category-blog"],"yoast_head":"<!-- This site is optimized with the Yoast SEO plugin v23.7 - https:\/\/yoast.com\/wordpress\/plugins\/seo\/ -->\n<title>Oh die Falten... Warum haben wir sie und wie k\u00f6nnen wir sie \u00fcberhaupt loswerden? | Esthetic Bratislava<\/title>\n<meta name=\"robots\" content=\"index, follow, max-snippet:-1, max-image-preview:large, max-video-preview:-1\" \/>\n<link rel=\"canonical\" href=\"https:\/\/esthetic.sk\/de\/blog\/oh-die-falten-warum-haben-wir-sie-und-wie-koennen-wir-sie-ueberhaupt-loswerden\/\" \/>\n<meta property=\"og:locale\" content=\"de_DE\" \/>\n<meta property=\"og:type\" content=\"article\" \/>\n<meta property=\"og:title\" content=\"Oh die Falten... Warum haben wir sie und wie k\u00f6nnen wir sie \u00fcberhaupt loswerden? | Esthetic Bratislava\" \/>\n<meta property=\"og:description\" content=\"Die Alterung ist ein nat\u00fcrlicher Prozess, der sich leider am deutlichsten auf unserer Haut zeigt. Die alternde Haut wird allm\u00e4hlich schw\u00e4cher und f\u00e4llt ab, wodurch sich Falten, Linien und Furchen bilden. Der Schweregrad dieser Ver\u00e4nderungen h\u00e4ngt von der genetischen Veranlagung, dem Fototyp der Haut und Umweltfaktoren ab. In der Dermatologie und der \u00e4sthetischen Medizin werden\" \/>\n<meta property=\"og:url\" content=\"https:\/\/esthetic.sk\/de\/blog\/oh-die-falten-warum-haben-wir-sie-und-wie-koennen-wir-sie-ueberhaupt-loswerden\/\" \/>\n<meta property=\"og:site_name\" content=\"Esthetic Bratislava\" \/>\n<meta property=\"article:publisher\" content=\"https:\/\/www.facebook.com\/Klinikaesthetic\" \/>\n<meta property=\"article:published_time\" content=\"2024-04-16T18:45:36+00:00\" \/>\n<meta property=\"article:modified_time\" content=\"2024-05-02T05:42:56+00:00\" \/>\n<meta property=\"og:image\" content=\"https:\/\/esthetic.sk\/wp-content\/uploads\/2019\/02\/img.jpg\" \/>\n\t<meta property=\"og:image:width\" content=\"2200\" \/>\n\t<meta property=\"og:image:height\" content=\"1120\" \/>\n\t<meta property=\"og:image:type\" content=\"image\/jpeg\" \/>\n<meta name=\"author\" content=\"martin\" \/>\n<meta name=\"twitter:card\" content=\"summary_large_image\" \/>\n<meta name=\"twitter:label1\" content=\"Verfasst von\" \/>\n\t<meta name=\"twitter:data1\" content=\"martin\" \/>\n\t<meta name=\"twitter:label2\" content=\"Gesch\u00e4tzte Lesezeit\" \/>\n\t<meta name=\"twitter:data2\" content=\"4\u00a0Minuten\" \/>\n<script type=\"application\/ld+json\" class=\"yoast-schema-graph\">{\"@context\":\"https:\/\/schema.org\",\"@graph\":[{\"@type\":\"Article\",\"@id\":\"https:\/\/esthetic.sk\/de\/blog\/oh-die-falten-warum-haben-wir-sie-und-wie-koennen-wir-sie-ueberhaupt-loswerden\/#article\",\"isPartOf\":{\"@id\":\"https:\/\/esthetic.sk\/de\/blog\/oh-die-falten-warum-haben-wir-sie-und-wie-koennen-wir-sie-ueberhaupt-loswerden\/\"},\"author\":{\"name\":\"martin\",\"@id\":\"https:\/\/esthetic.sk\/#\/schema\/person\/345d9579357cc0db1ce9265f069e535f\"},\"headline\":\"Oh die Falten&#8230; Warum haben wir sie und wie k\u00f6nnen wir sie \u00fcberhaupt loswerden?\",\"datePublished\":\"2024-04-16T18:45:36+00:00\",\"dateModified\":\"2024-05-02T05:42:56+00:00\",\"mainEntityOfPage\":{\"@id\":\"https:\/\/esthetic.sk\/de\/blog\/oh-die-falten-warum-haben-wir-sie-und-wie-koennen-wir-sie-ueberhaupt-loswerden\/\"},\"wordCount\":890,\"commentCount\":0,\"publisher\":{\"@id\":\"https:\/\/esthetic.sk\/#organization\"},\"image\":{\"@id\":\"https:\/\/esthetic.sk\/de\/blog\/oh-die-falten-warum-haben-wir-sie-und-wie-koennen-wir-sie-ueberhaupt-loswerden\/#primaryimage\"},\"thumbnailUrl\":\"https:\/\/esthetic.sk\/wp-content\/uploads\/2019\/02\/img.jpg\",\"articleSection\":[\"Blog\"],\"inLanguage\":\"de\",\"potentialAction\":[{\"@type\":\"CommentAction\",\"name\":\"Comment\",\"target\":[\"https:\/\/esthetic.sk\/de\/blog\/oh-die-falten-warum-haben-wir-sie-und-wie-koennen-wir-sie-ueberhaupt-loswerden\/#respond\"]}]},{\"@type\":\"WebPage\",\"@id\":\"https:\/\/esthetic.sk\/de\/blog\/oh-die-falten-warum-haben-wir-sie-und-wie-koennen-wir-sie-ueberhaupt-loswerden\/\",\"url\":\"https:\/\/esthetic.sk\/de\/blog\/oh-die-falten-warum-haben-wir-sie-und-wie-koennen-wir-sie-ueberhaupt-loswerden\/\",\"name\":\"Oh die Falten... Warum haben wir sie und wie k\u00f6nnen wir sie \u00fcberhaupt loswerden? | Esthetic Bratislava\",\"isPartOf\":{\"@id\":\"https:\/\/esthetic.sk\/#website\"},\"primaryImageOfPage\":{\"@id\":\"https:\/\/esthetic.sk\/de\/blog\/oh-die-falten-warum-haben-wir-sie-und-wie-koennen-wir-sie-ueberhaupt-loswerden\/#primaryimage\"},\"image\":{\"@id\":\"https:\/\/esthetic.sk\/de\/blog\/oh-die-falten-warum-haben-wir-sie-und-wie-koennen-wir-sie-ueberhaupt-loswerden\/#primaryimage\"},\"thumbnailUrl\":\"https:\/\/esthetic.sk\/wp-content\/uploads\/2019\/02\/img.jpg\",\"datePublished\":\"2024-04-16T18:45:36+00:00\",\"dateModified\":\"2024-05-02T05:42:56+00:00\",\"breadcrumb\":{\"@id\":\"https:\/\/esthetic.sk\/de\/blog\/oh-die-falten-warum-haben-wir-sie-und-wie-koennen-wir-sie-ueberhaupt-loswerden\/#breadcrumb\"},\"inLanguage\":\"de\",\"potentialAction\":[{\"@type\":\"ReadAction\",\"target\":[\"https:\/\/esthetic.sk\/de\/blog\/oh-die-falten-warum-haben-wir-sie-und-wie-koennen-wir-sie-ueberhaupt-loswerden\/\"]}]},{\"@type\":\"ImageObject\",\"inLanguage\":\"de\",\"@id\":\"https:\/\/esthetic.sk\/de\/blog\/oh-die-falten-warum-haben-wir-sie-und-wie-koennen-wir-sie-ueberhaupt-loswerden\/#primaryimage\",\"url\":\"https:\/\/esthetic.sk\/wp-content\/uploads\/2019\/02\/img.jpg\",\"contentUrl\":\"https:\/\/esthetic.sk\/wp-content\/uploads\/2019\/02\/img.jpg\",\"width\":2200,\"height\":1120},{\"@type\":\"BreadcrumbList\",\"@id\":\"https:\/\/esthetic.sk\/de\/blog\/oh-die-falten-warum-haben-wir-sie-und-wie-koennen-wir-sie-ueberhaupt-loswerden\/#breadcrumb\",\"itemListElement\":[{\"@type\":\"ListItem\",\"position\":1,\"name\":\"Home\",\"item\":\"https:\/\/esthetic.sk\/\"},{\"@type\":\"ListItem\",\"position\":2,\"name\":\"Oh die Falten&#8230; Warum haben wir sie und wie k\u00f6nnen wir sie \u00fcberhaupt loswerden?\"}]},{\"@type\":\"WebSite\",\"@id\":\"https:\/\/esthetic.sk\/#website\",\"url\":\"https:\/\/esthetic.sk\/\",\"name\":\"Esthetic Bratislava\",\"description\":\"R\u00fdchla cesta k dokonal\u00e9mu vz\u013eadu\",\"publisher\":{\"@id\":\"https:\/\/esthetic.sk\/#organization\"},\"potentialAction\":[{\"@type\":\"SearchAction\",\"target\":{\"@type\":\"EntryPoint\",\"urlTemplate\":\"https:\/\/esthetic.sk\/?s={search_term_string}\"},\"query-input\":{\"@type\":\"PropertyValueSpecification\",\"valueRequired\":true,\"valueName\":\"search_term_string\"}}],\"inLanguage\":\"de\"},{\"@type\":\"Organization\",\"@id\":\"https:\/\/esthetic.sk\/#organization\",\"name\":\"Esthetic .s.r.o.\",\"url\":\"https:\/\/esthetic.sk\/\",\"logo\":{\"@type\":\"ImageObject\",\"inLanguage\":\"de\",\"@id\":\"https:\/\/esthetic.sk\/#\/schema\/logo\/image\/\",\"url\":\"https:\/\/esthetic.sk\/wp-content\/uploads\/2019\/02\/logo-1.svg\",\"contentUrl\":\"https:\/\/esthetic.sk\/wp-content\/uploads\/2019\/02\/logo-1.svg\",\"width\":1,\"height\":1,\"caption\":\"Esthetic .s.r.o.\"},\"image\":{\"@id\":\"https:\/\/esthetic.sk\/#\/schema\/logo\/image\/\"},\"sameAs\":[\"https:\/\/www.facebook.com\/Klinikaesthetic\",\"https:\/\/www.instagram.com\/klinikaesthetic\/\",\"https:\/\/www.youtube.com\/channel\/UC8AgtXNjHpne8qWdj9szu1A\"]},{\"@type\":\"Person\",\"@id\":\"https:\/\/esthetic.sk\/#\/schema\/person\/345d9579357cc0db1ce9265f069e535f\",\"name\":\"martin\",\"image\":{\"@type\":\"ImageObject\",\"inLanguage\":\"de\",\"@id\":\"https:\/\/esthetic.sk\/#\/schema\/person\/image\/\",\"url\":\"https:\/\/secure.gravatar.com\/avatar\/027b15c6c285c23386b7a2e12376d593?s=96&d=mm&r=g\",\"contentUrl\":\"https:\/\/secure.gravatar.com\/avatar\/027b15c6c285c23386b7a2e12376d593?s=96&d=mm&r=g\",\"caption\":\"martin\"},\"url\":\"https:\/\/esthetic.sk\/de\/author\/martin\/\"}]}<\/script>\n<!-- \/ Yoast SEO plugin. -->","yoast_head_json":{"title":"Oh die Falten... Warum haben wir sie und wie k\u00f6nnen wir sie \u00fcberhaupt loswerden? | Esthetic Bratislava","robots":{"index":"index","follow":"follow","max-snippet":"max-snippet:-1","max-image-preview":"max-image-preview:large","max-video-preview":"max-video-preview:-1"},"canonical":"https:\/\/esthetic.sk\/de\/blog\/oh-die-falten-warum-haben-wir-sie-und-wie-koennen-wir-sie-ueberhaupt-loswerden\/","og_locale":"de_DE","og_type":"article","og_title":"Oh die Falten... Warum haben wir sie und wie k\u00f6nnen wir sie \u00fcberhaupt loswerden? | Esthetic Bratislava","og_description":"Die Alterung ist ein nat\u00fcrlicher Prozess, der sich leider am deutlichsten auf unserer Haut zeigt. Die alternde Haut wird allm\u00e4hlich schw\u00e4cher und f\u00e4llt ab, wodurch sich Falten, Linien und Furchen bilden. Der Schweregrad dieser Ver\u00e4nderungen h\u00e4ngt von der genetischen Veranlagung, dem Fototyp der Haut und Umweltfaktoren ab. In der Dermatologie und der \u00e4sthetischen Medizin werden","og_url":"https:\/\/esthetic.sk\/de\/blog\/oh-die-falten-warum-haben-wir-sie-und-wie-koennen-wir-sie-ueberhaupt-loswerden\/","og_site_name":"Esthetic Bratislava","article_publisher":"https:\/\/www.facebook.com\/Klinikaesthetic","article_published_time":"2024-04-16T18:45:36+00:00","article_modified_time":"2024-05-02T05:42:56+00:00","og_image":[{"width":2200,"height":1120,"url":"https:\/\/esthetic.sk\/wp-content\/uploads\/2019\/02\/img.jpg","type":"image\/jpeg"}],"author":"martin","twitter_card":"summary_large_image","twitter_misc":{"Verfasst von":"martin","Gesch\u00e4tzte Lesezeit":"4\u00a0Minuten"},"schema":{"@context":"https:\/\/schema.org","@graph":[{"@type":"Article","@id":"https:\/\/esthetic.sk\/de\/blog\/oh-die-falten-warum-haben-wir-sie-und-wie-koennen-wir-sie-ueberhaupt-loswerden\/#article","isPartOf":{"@id":"https:\/\/esthetic.sk\/de\/blog\/oh-die-falten-warum-haben-wir-sie-und-wie-koennen-wir-sie-ueberhaupt-loswerden\/"},"author":{"name":"martin","@id":"https:\/\/esthetic.sk\/#\/schema\/person\/345d9579357cc0db1ce9265f069e535f"},"headline":"Oh die Falten&#8230; Warum haben wir sie und wie k\u00f6nnen wir sie \u00fcberhaupt loswerden?","datePublished":"2024-04-16T18:45:36+00:00","dateModified":"2024-05-02T05:42:56+00:00","mainEntityOfPage":{"@id":"https:\/\/esthetic.sk\/de\/blog\/oh-die-falten-warum-haben-wir-sie-und-wie-koennen-wir-sie-ueberhaupt-loswerden\/"},"wordCount":890,"commentCount":0,"publisher":{"@id":"https:\/\/esthetic.sk\/#organization"},"image":{"@id":"https:\/\/esthetic.sk\/de\/blog\/oh-die-falten-warum-haben-wir-sie-und-wie-koennen-wir-sie-ueberhaupt-loswerden\/#primaryimage"},"thumbnailUrl":"https:\/\/esthetic.sk\/wp-content\/uploads\/2019\/02\/img.jpg","articleSection":["Blog"],"inLanguage":"de","potentialAction":[{"@type":"CommentAction","name":"Comment","target":["https:\/\/esthetic.sk\/de\/blog\/oh-die-falten-warum-haben-wir-sie-und-wie-koennen-wir-sie-ueberhaupt-loswerden\/#respond"]}]},{"@type":"WebPage","@id":"https:\/\/esthetic.sk\/de\/blog\/oh-die-falten-warum-haben-wir-sie-und-wie-koennen-wir-sie-ueberhaupt-loswerden\/","url":"https:\/\/esthetic.sk\/de\/blog\/oh-die-falten-warum-haben-wir-sie-und-wie-koennen-wir-sie-ueberhaupt-loswerden\/","name":"Oh die Falten... Warum haben wir sie und wie k\u00f6nnen wir sie \u00fcberhaupt loswerden? | Esthetic Bratislava","isPartOf":{"@id":"https:\/\/esthetic.sk\/#website"},"primaryImageOfPage":{"@id":"https:\/\/esthetic.sk\/de\/blog\/oh-die-falten-warum-haben-wir-sie-und-wie-koennen-wir-sie-ueberhaupt-loswerden\/#primaryimage"},"image":{"@id":"https:\/\/esthetic.sk\/de\/blog\/oh-die-falten-warum-haben-wir-sie-und-wie-koennen-wir-sie-ueberhaupt-loswerden\/#primaryimage"},"thumbnailUrl":"https:\/\/esthetic.sk\/wp-content\/uploads\/2019\/02\/img.jpg","datePublished":"2024-04-16T18:45:36+00:00","dateModified":"2024-05-02T05:42:56+00:00","breadcrumb":{"@id":"https:\/\/esthetic.sk\/de\/blog\/oh-die-falten-warum-haben-wir-sie-und-wie-koennen-wir-sie-ueberhaupt-loswerden\/#breadcrumb"},"inLanguage":"de","potentialAction":[{"@type":"ReadAction","target":["https:\/\/esthetic.sk\/de\/blog\/oh-die-falten-warum-haben-wir-sie-und-wie-koennen-wir-sie-ueberhaupt-loswerden\/"]}]},{"@type":"ImageObject","inLanguage":"de","@id":"https:\/\/esthetic.sk\/de\/blog\/oh-die-falten-warum-haben-wir-sie-und-wie-koennen-wir-sie-ueberhaupt-loswerden\/#primaryimage","url":"https:\/\/esthetic.sk\/wp-content\/uploads\/2019\/02\/img.jpg","contentUrl":"https:\/\/esthetic.sk\/wp-content\/uploads\/2019\/02\/img.jpg","width":2200,"height":1120},{"@type":"BreadcrumbList","@id":"https:\/\/esthetic.sk\/de\/blog\/oh-die-falten-warum-haben-wir-sie-und-wie-koennen-wir-sie-ueberhaupt-loswerden\/#breadcrumb","itemListElement":[{"@type":"ListItem","position":1,"name":"Home","item":"https:\/\/esthetic.sk\/"},{"@type":"ListItem","position":2,"name":"Oh die Falten&#8230; Warum haben wir sie und wie k\u00f6nnen wir sie \u00fcberhaupt loswerden?"}]},{"@type":"WebSite","@id":"https:\/\/esthetic.sk\/#website","url":"https:\/\/esthetic.sk\/","name":"Esthetic Bratislava","description":"R\u00fdchla cesta k dokonal\u00e9mu vz\u013eadu","publisher":{"@id":"https:\/\/esthetic.sk\/#organization"},"potentialAction":[{"@type":"SearchAction","target":{"@type":"EntryPoint","urlTemplate":"https:\/\/esthetic.sk\/?s={search_term_string}"},"query-input":{"@type":"PropertyValueSpecification","valueRequired":true,"valueName":"search_term_string"}}],"inLanguage":"de"},{"@type":"Organization","@id":"https:\/\/esthetic.sk\/#organization","name":"Esthetic .s.r.o.","url":"https:\/\/esthetic.sk\/","logo":{"@type":"ImageObject","inLanguage":"de","@id":"https:\/\/esthetic.sk\/#\/schema\/logo\/image\/","url":"https:\/\/esthetic.sk\/wp-content\/uploads\/2019\/02\/logo-1.svg","contentUrl":"https:\/\/esthetic.sk\/wp-content\/uploads\/2019\/02\/logo-1.svg","width":1,"height":1,"caption":"Esthetic .s.r.o."},"image":{"@id":"https:\/\/esthetic.sk\/#\/schema\/logo\/image\/"},"sameAs":["https:\/\/www.facebook.com\/Klinikaesthetic","https:\/\/www.instagram.com\/klinikaesthetic\/","https:\/\/www.youtube.com\/channel\/UC8AgtXNjHpne8qWdj9szu1A"]},{"@type":"Person","@id":"https:\/\/esthetic.sk\/#\/schema\/person\/345d9579357cc0db1ce9265f069e535f","name":"martin","image":{"@type":"ImageObject","inLanguage":"de","@id":"https:\/\/esthetic.sk\/#\/schema\/person\/image\/","url":"https:\/\/secure.gravatar.com\/avatar\/027b15c6c285c23386b7a2e12376d593?s=96&d=mm&r=g","contentUrl":"https:\/\/secure.gravatar.com\/avatar\/027b15c6c285c23386b7a2e12376d593?s=96&d=mm&r=g","caption":"martin"},"url":"https:\/\/esthetic.sk\/de\/author\/martin\/"}]}},"_links":{"self":[{"href":"https:\/\/esthetic.sk\/de\/wp-json\/wp\/v2\/posts\/6225"}],"collection":[{"href":"https:\/\/esthetic.sk\/de\/wp-json\/wp\/v2\/posts"}],"about":[{"href":"https:\/\/esthetic.sk\/de\/wp-json\/wp\/v2\/types\/post"}],"author":[{"embeddable":true,"href":"https:\/\/esthetic.sk\/de\/wp-json\/wp\/v2\/users\/1"}],"replies":[{"embeddable":true,"href":"https:\/\/esthetic.sk\/de\/wp-json\/wp\/v2\/comments?post=6225"}],"version-history":[{"count":1,"href":"https:\/\/esthetic.sk\/de\/wp-json\/wp\/v2\/posts\/6225\/revisions"}],"predecessor-version":[{"id":6262,"href":"https:\/\/esthetic.sk\/de\/wp-json\/wp\/v2\/posts\/6225\/revisions\/6262"}],"wp:featuredmedia":[{"embeddable":true,"href":"https:\/\/esthetic.sk\/de\/wp-json\/wp\/v2\/media\/5310"}],"wp:attachment":[{"href":"https:\/\/esthetic.sk\/de\/wp-json\/wp\/v2\/media?parent=6225"}],"wp:term":[{"taxonomy":"category","embeddable":true,"href":"https:\/\/esthetic.sk\/de\/wp-json\/wp\/v2\/categories?post=6225"},{"taxonomy":"post_tag","embeddable":true,"href":"https:\/\/esthetic.sk\/de\/wp-json\/wp\/v2\/tags?post=6225"}],"curies":[{"name":"wp","href":"https:\/\/api.w.org\/{rel}","templated":true}]}}