{"id":6208,"date":"2024-04-16T20:45:28","date_gmt":"2024-04-16T18:45:28","guid":{"rendered":"https:\/\/esthetic.sk\/unkategorisiert\/am-schoensten-sind-wir-nach-dreissig-aber-unsere-schoenheit-ist-in-grosser-gefahr\/"},"modified":"2024-04-16T20:45:29","modified_gmt":"2024-04-16T18:45:29","slug":"am-schoensten-sind-wir-nach-dreissig-aber-unsere-schoenheit-ist-in-grosser-gefahr","status":"publish","type":"post","link":"https:\/\/esthetic.sk\/de\/blog\/am-schoensten-sind-wir-nach-dreissig-aber-unsere-schoenheit-ist-in-grosser-gefahr\/","title":{"rendered":"Am sch\u00f6nsten sind wir nach drei\u00dfig, aber unsere Sch\u00f6nheit ist in gro\u00dfer Gefahr"},"content":{"rendered":"<h3>Wissen Sie, in welchem Alter eine Frau am sch\u00f6nsten ist? Wissenschaftler haben herausgefunden, dass genau dann, wenn er 31 Jahre alt wird. Geburtstag.<\/h3>\n<p style=\"text-align: justify;\">In diesem Alter hat sie bereits eine turbulente Jugend hinter sich, pubert\u00e4re und post-pubert\u00e4re Experimente mit ihrem Aussehen und hat normalerweise einen ziemlich guten Job, ein festes Einkommen und einen festen Partner. Diese relativ ruhige Zeit soll sich positiv auf ihr Aussehen auswirken.<\/p>\n<p style=\"text-align: justify;\">Aber leider ist nichts umsonst, und nichts ist f\u00fcr immer. Auch keine Sch\u00f6nheit. Und damit sie so lange wie m\u00f6glich h\u00e4lt, m\u00fcssen wir auf uns selbst aufpassen. Mehr denn je. Wir haben herausfordernde Jahre vor uns. Nach dem drei\u00dfigsten Lebensjahr beginnt laut Psychologen eine der schwierigsten Phasen im Leben einer Frau &#8211; eine turbulente Karriere, Schwangerschaften, Kinderbetreuung, Haushaltsf\u00fchrung, verschiedene Familiensorgen und, machen wir uns nichts vor, Probleme im Zusammenleben mit dem Partner.<\/p>\n                              <img loading=\"lazy\" decoding=\"async\" class=\"alignnone wp-image-947\" src=\"https:\/\/esthetic.sk\/wp-content\/uploads\/2019\/02\/big11-300x169.jpg\" alt=\"\" width=\"462\" height=\"260\" srcset=\"https:\/\/esthetic.sk\/wp-content\/uploads\/2019\/02\/big11-300x169.jpg 300w, https:\/\/esthetic.sk\/wp-content\/uploads\/2019\/02\/big11-768x432.jpg 768w, https:\/\/esthetic.sk\/wp-content\/uploads\/2019\/02\/big11-1024x576.jpg 1024w, https:\/\/esthetic.sk\/wp-content\/uploads\/2019\/02\/big11-450x253.jpg 450w, https:\/\/esthetic.sk\/wp-content\/uploads\/2019\/02\/big11.jpg 1920w\" sizes=\"(max-width: 462px) 100vw, 462px\" \/>\n<p style=\"text-align: justify;\">Stressige Zeiten wirken sich auf unsere Ern\u00e4hrung aus &#8211; wir kaufen bei Fast Food ein, um alles zu erledigen, kochen aus Halbfertigprodukten, haben zu wenig Vitamine, schlafen zu wenig, bew\u00e4ltigen Stress mit Zigaretten und Alkohol und jagen unserer Jugend auf Betriebsfeiern hinterher. Denken Sie immer noch, dass Hautpflege in diesem Alter nicht wichtig ist? Wie unterscheidet sie sich von der Pflege zu anderen Zeiten? Schlie\u00dflich will jede Haut ihre eigene haben, ob es nun die Haut eines Neugeborenen oder die einer reiferen Dame ist. Ja, das ist sicherlich wahr, aber nach dem drei\u00dfigsten Jahr gibt es eine gro\u00dfe Wendung &#8230;<\/p>\n<p style=\"text-align: justify;\"><strong>&#8230; unsere Haut beginnt zu altern.  <\/strong>\nUnsere Haut ist zwischen 30. bis 40. Jahr am meisten belastet und h\u00e4lt allm\u00e4hlich dem Druck des hektischen Lebens nicht mehr stand. Wenn wir uns nicht um sie k\u00fcmmern, werden wir bald die ersten Anzeichen der nat\u00fcrlichen Alterung sehen. Der Hormonspiegel in der Haut wird gesenkt, was sich positiv auf die Festigkeit, Regeneration und Elastizit\u00e4t der Haut auswirkt. Die Haut regeneriert sich viel langsamer, alte Zellen werden weniger leicht abgesto\u00dfen, unsere Haut erschlafft, wird schlaff, faltig und d\u00fcnner. Neben den Hormonen wirkt sich diese Erkrankung auch erheblich auf das Lymphsystem aus, was den Stoffwechsel und die Atmung der Haut beeinflusst. Die Haut wird in dieser Zeit radikal umgestaltet, wenn das Kollagen seine Anordnung \u00e4ndert und sowohl Talg als auch Schwei\u00df abnehmen.<\/p>\n<p style=\"text-align: justify;\"><strong>Kann dies \u00fcberhaupt verhindert werden?  <\/strong>\nIdeal w\u00e4re es nat\u00fcrlich, mehrmals pro Woche ins Fitnessstudio zu gehen und ansonsten mindestens zweimal pro Woche Sport zu treiben, regelm\u00e4\u00dfig Wellness-Zentren zu besuchen und auch mindestens einmal im Monat in einen Sch\u00f6nheitssalon zu gehen.<\/p>\n<p style=\"text-align: justify;\"><strong>Aber wer hat schon die Zeit und das Geld f\u00fcr all das?  <\/strong>\nAber Tatsache ist, dass Sie ohne hochwertige Pflege einfach nicht auskommen. Wenn Sie also die vorzeitige Alterung Ihrer Haut verhindern oder zumindest verlangsamen wollen, m\u00fcssen Sie etwas dagegen tun. Wenn Sie das Altern so weit wie m\u00f6glich aufhalten wollen, ist es wichtig, den Kampf zu beginnen, bevor es zu sp\u00e4t ist. &#8222;Neben der regelm\u00e4\u00dfigen Reinigung durch eine professionelle Kosmetikerin und der Verwendung spezieller Cremes, die nachweislich feine Linien und Falten gl\u00e4tten und Ihre Haut mit N\u00e4hrstoffen versorgen, k\u00f6nnen Sie Ihrer Haut auch mit einem guten Lebensstil und einer gesunden Lebensweise helfen. Viele Frauen, die zu uns kommen, sind verzweifelt, weil sie schon viele Markenkosmetika ausprobiert haben und ihnen nichts geholfen hat.<\/p>\n\n<blockquote>\n<p style=\"text-align: justify;\">In unserer Klinik haben wir eine einfache L\u00f6sung f\u00fcr sie &#8211; die Computer-Hautanalyse. Sie kann genau feststellen, wo die Haut Defizite aufweist und welche potenziellen Risiken bestehen, so dass wir dem Kunden die ideale Therapie anbieten k\u00f6nnen.&#8220;<\/p>\n<p style=\"text-align: justify;\">erkl\u00e4rt der bekannte Dermatologe MUDr. Alexandra Rozborilov\u00e1, PhD.<\/p>\n<\/blockquote>\n<p style=\"text-align: justify;\"><strong>Die Haut &#8211; ein Spiegel der Seele  <\/strong>\nDer Zustand unserer Haut verr\u00e4t eine Menge \u00fcber uns. Nicht umsonst sagt man, dass sie der Spiegel unserer Seele ist. Wenn Sie sich nicht genug entspannen, ausruhen und schlafen, wird sich das sofort auf Ihrer Haut zeigen. Schlechte Psyche und schlechte Haut sind wirklich sehr eng miteinander verbunden. Sie glauben nicht daran? &#8222;Versuchen Sie, sich umzuschauen und die Gesichter derer zu erkennen, die ewig fr\u00f6hlich und optimistisch sind. Ihr Gesicht hat in der Regel eine gesunde rosa F\u00e4rbung, und wenn sie Falten haben, dann meist vom Lachen, was die meisten von uns sympathisch finden. Wenn Sie also so lange wie m\u00f6glich jung bleiben wollen, vergessen Sie neben einer guten Pflege nicht, zu l\u00e4cheln und zumindest gelegentlich Ihre Sorgen hinter sich zu lassen&#8220;, empfiehlt MUDr. Rozborilova.<\/p>\n<p style=\"text-align: justify;\">AUTOR: Klinik Esthetic<\/p>","protected":false},"excerpt":{"rendered":"Wissen Sie, in welchem Alter eine Frau am sch\u00f6nsten ist? Wissenschaftler haben herausgefunden, dass genau dann, wenn er 31 Jahre alt wird. Geburtstag. In diesem Alter hat sie bereits eine turbulente Jugend hinter sich, pubert\u00e4re und post-pubert\u00e4re Experimente mit ihrem Aussehen und hat normalerweise einen ziemlich guten Job, ein festes Einkommen und einen festen Partner.","protected":false},"author":1,"featured_media":5461,"comment_status":"open","ping_status":"open","sticky":false,"template":"","format":"standard","meta":{"inline_featured_image":false,"footnotes":""},"categories":[46],"tags":[],"class_list":["post-6208","post","type-post","status-publish","format-standard","has-post-thumbnail","hentry","category-blog"],"yoast_head":"<!-- This site is optimized with the Yoast SEO plugin v23.7 - https:\/\/yoast.com\/wordpress\/plugins\/seo\/ -->\n<title>Nach drei\u00dfig sind wir am sch\u00f6nsten | k\u00fcmmern wir uns um die | Esthetic Bratislava<\/title>\n<meta name=\"description\" content=\"Am sch\u00f6nsten sind wir nach drei\u00dfig, aber Sch\u00f6nheit muss gepflegt werden. Und wie? Genau das werden Sie in unserem Blog lesen - dar\u00fcber, was mit unserer Haut passiert und was getan werden muss.\" \/>\n<meta name=\"robots\" content=\"index, follow, max-snippet:-1, max-image-preview:large, max-video-preview:-1\" \/>\n<link rel=\"canonical\" href=\"https:\/\/esthetic.sk\/de\/blog\/am-schoensten-sind-wir-nach-dreissig-aber-unsere-schoenheit-ist-in-grosser-gefahr\/\" \/>\n<meta property=\"og:locale\" content=\"de_DE\" \/>\n<meta property=\"og:type\" content=\"article\" \/>\n<meta property=\"og:title\" content=\"Nach drei\u00dfig sind wir am sch\u00f6nsten | k\u00fcmmern wir uns um die | Esthetic Bratislava\" \/>\n<meta property=\"og:description\" content=\"Am sch\u00f6nsten sind wir nach drei\u00dfig, aber Sch\u00f6nheit muss gepflegt werden. Und wie? Genau das werden Sie in unserem Blog lesen - dar\u00fcber, was mit unserer Haut passiert und was getan werden muss.\" \/>\n<meta property=\"og:url\" content=\"https:\/\/esthetic.sk\/de\/blog\/am-schoensten-sind-wir-nach-dreissig-aber-unsere-schoenheit-ist-in-grosser-gefahr\/\" \/>\n<meta property=\"og:site_name\" content=\"Esthetic Bratislava\" \/>\n<meta property=\"article:publisher\" content=\"https:\/\/www.facebook.com\/Klinikaesthetic\" \/>\n<meta property=\"article:published_time\" content=\"2024-04-16T18:45:28+00:00\" \/>\n<meta property=\"article:modified_time\" content=\"2024-04-16T18:45:29+00:00\" \/>\n<meta property=\"og:image\" content=\"https:\/\/esthetic.sk\/wp-content\/uploads\/2019\/02\/30.jpg\" \/>\n\t<meta property=\"og:image:width\" content=\"1500\" \/>\n\t<meta property=\"og:image:height\" content=\"1000\" \/>\n\t<meta property=\"og:image:type\" content=\"image\/jpeg\" \/>\n<meta name=\"author\" content=\"martin\" \/>\n<meta name=\"twitter:card\" content=\"summary_large_image\" \/>\n<meta name=\"twitter:label1\" content=\"Verfasst von\" \/>\n\t<meta name=\"twitter:data1\" content=\"martin\" \/>\n\t<meta name=\"twitter:label2\" content=\"Gesch\u00e4tzte Lesezeit\" \/>\n\t<meta name=\"twitter:data2\" content=\"4\u00a0Minuten\" \/>\n<script type=\"application\/ld+json\" class=\"yoast-schema-graph\">{\"@context\":\"https:\/\/schema.org\",\"@graph\":[{\"@type\":\"Article\",\"@id\":\"https:\/\/esthetic.sk\/de\/blog\/am-schoensten-sind-wir-nach-dreissig-aber-unsere-schoenheit-ist-in-grosser-gefahr\/#article\",\"isPartOf\":{\"@id\":\"https:\/\/esthetic.sk\/de\/blog\/am-schoensten-sind-wir-nach-dreissig-aber-unsere-schoenheit-ist-in-grosser-gefahr\/\"},\"author\":{\"name\":\"martin\",\"@id\":\"https:\/\/esthetic.sk\/#\/schema\/person\/345d9579357cc0db1ce9265f069e535f\"},\"headline\":\"Am sch\u00f6nsten sind wir nach drei\u00dfig, aber unsere Sch\u00f6nheit ist in gro\u00dfer Gefahr\",\"datePublished\":\"2024-04-16T18:45:28+00:00\",\"dateModified\":\"2024-04-16T18:45:29+00:00\",\"mainEntityOfPage\":{\"@id\":\"https:\/\/esthetic.sk\/de\/blog\/am-schoensten-sind-wir-nach-dreissig-aber-unsere-schoenheit-ist-in-grosser-gefahr\/\"},\"wordCount\":763,\"commentCount\":0,\"publisher\":{\"@id\":\"https:\/\/esthetic.sk\/#organization\"},\"image\":{\"@id\":\"https:\/\/esthetic.sk\/de\/blog\/am-schoensten-sind-wir-nach-dreissig-aber-unsere-schoenheit-ist-in-grosser-gefahr\/#primaryimage\"},\"thumbnailUrl\":\"https:\/\/esthetic.sk\/wp-content\/uploads\/2019\/02\/30.jpg\",\"articleSection\":[\"Blog\"],\"inLanguage\":\"de\",\"potentialAction\":[{\"@type\":\"CommentAction\",\"name\":\"Comment\",\"target\":[\"https:\/\/esthetic.sk\/de\/blog\/am-schoensten-sind-wir-nach-dreissig-aber-unsere-schoenheit-ist-in-grosser-gefahr\/#respond\"]}]},{\"@type\":\"WebPage\",\"@id\":\"https:\/\/esthetic.sk\/de\/blog\/am-schoensten-sind-wir-nach-dreissig-aber-unsere-schoenheit-ist-in-grosser-gefahr\/\",\"url\":\"https:\/\/esthetic.sk\/de\/blog\/am-schoensten-sind-wir-nach-dreissig-aber-unsere-schoenheit-ist-in-grosser-gefahr\/\",\"name\":\"Nach drei\u00dfig sind wir am sch\u00f6nsten | k\u00fcmmern wir uns um die | Esthetic Bratislava\",\"isPartOf\":{\"@id\":\"https:\/\/esthetic.sk\/#website\"},\"primaryImageOfPage\":{\"@id\":\"https:\/\/esthetic.sk\/de\/blog\/am-schoensten-sind-wir-nach-dreissig-aber-unsere-schoenheit-ist-in-grosser-gefahr\/#primaryimage\"},\"image\":{\"@id\":\"https:\/\/esthetic.sk\/de\/blog\/am-schoensten-sind-wir-nach-dreissig-aber-unsere-schoenheit-ist-in-grosser-gefahr\/#primaryimage\"},\"thumbnailUrl\":\"https:\/\/esthetic.sk\/wp-content\/uploads\/2019\/02\/30.jpg\",\"datePublished\":\"2024-04-16T18:45:28+00:00\",\"dateModified\":\"2024-04-16T18:45:29+00:00\",\"description\":\"Am sch\u00f6nsten sind wir nach drei\u00dfig, aber Sch\u00f6nheit muss gepflegt werden. Und wie? Genau das werden Sie in unserem Blog lesen - dar\u00fcber, was mit unserer Haut passiert und was getan werden muss.\",\"breadcrumb\":{\"@id\":\"https:\/\/esthetic.sk\/de\/blog\/am-schoensten-sind-wir-nach-dreissig-aber-unsere-schoenheit-ist-in-grosser-gefahr\/#breadcrumb\"},\"inLanguage\":\"de\",\"potentialAction\":[{\"@type\":\"ReadAction\",\"target\":[\"https:\/\/esthetic.sk\/de\/blog\/am-schoensten-sind-wir-nach-dreissig-aber-unsere-schoenheit-ist-in-grosser-gefahr\/\"]}]},{\"@type\":\"ImageObject\",\"inLanguage\":\"de\",\"@id\":\"https:\/\/esthetic.sk\/de\/blog\/am-schoensten-sind-wir-nach-dreissig-aber-unsere-schoenheit-ist-in-grosser-gefahr\/#primaryimage\",\"url\":\"https:\/\/esthetic.sk\/wp-content\/uploads\/2019\/02\/30.jpg\",\"contentUrl\":\"https:\/\/esthetic.sk\/wp-content\/uploads\/2019\/02\/30.jpg\",\"width\":1500,\"height\":1000},{\"@type\":\"BreadcrumbList\",\"@id\":\"https:\/\/esthetic.sk\/de\/blog\/am-schoensten-sind-wir-nach-dreissig-aber-unsere-schoenheit-ist-in-grosser-gefahr\/#breadcrumb\",\"itemListElement\":[{\"@type\":\"ListItem\",\"position\":1,\"name\":\"Home\",\"item\":\"https:\/\/esthetic.sk\/\"},{\"@type\":\"ListItem\",\"position\":2,\"name\":\"Am sch\u00f6nsten sind wir nach drei\u00dfig, aber unsere Sch\u00f6nheit ist in gro\u00dfer Gefahr\"}]},{\"@type\":\"WebSite\",\"@id\":\"https:\/\/esthetic.sk\/#website\",\"url\":\"https:\/\/esthetic.sk\/\",\"name\":\"Esthetic Bratislava\",\"description\":\"R\u00fdchla cesta k dokonal\u00e9mu vz\u013eadu\",\"publisher\":{\"@id\":\"https:\/\/esthetic.sk\/#organization\"},\"potentialAction\":[{\"@type\":\"SearchAction\",\"target\":{\"@type\":\"EntryPoint\",\"urlTemplate\":\"https:\/\/esthetic.sk\/?s={search_term_string}\"},\"query-input\":{\"@type\":\"PropertyValueSpecification\",\"valueRequired\":true,\"valueName\":\"search_term_string\"}}],\"inLanguage\":\"de\"},{\"@type\":\"Organization\",\"@id\":\"https:\/\/esthetic.sk\/#organization\",\"name\":\"Esthetic .s.r.o.\",\"url\":\"https:\/\/esthetic.sk\/\",\"logo\":{\"@type\":\"ImageObject\",\"inLanguage\":\"de\",\"@id\":\"https:\/\/esthetic.sk\/#\/schema\/logo\/image\/\",\"url\":\"https:\/\/esthetic.sk\/wp-content\/uploads\/2019\/02\/logo-1.svg\",\"contentUrl\":\"https:\/\/esthetic.sk\/wp-content\/uploads\/2019\/02\/logo-1.svg\",\"width\":1,\"height\":1,\"caption\":\"Esthetic .s.r.o.\"},\"image\":{\"@id\":\"https:\/\/esthetic.sk\/#\/schema\/logo\/image\/\"},\"sameAs\":[\"https:\/\/www.facebook.com\/Klinikaesthetic\",\"https:\/\/www.instagram.com\/klinikaesthetic\/\",\"https:\/\/www.youtube.com\/channel\/UC8AgtXNjHpne8qWdj9szu1A\"]},{\"@type\":\"Person\",\"@id\":\"https:\/\/esthetic.sk\/#\/schema\/person\/345d9579357cc0db1ce9265f069e535f\",\"name\":\"martin\",\"image\":{\"@type\":\"ImageObject\",\"inLanguage\":\"de\",\"@id\":\"https:\/\/esthetic.sk\/#\/schema\/person\/image\/\",\"url\":\"https:\/\/secure.gravatar.com\/avatar\/027b15c6c285c23386b7a2e12376d593?s=96&d=mm&r=g\",\"contentUrl\":\"https:\/\/secure.gravatar.com\/avatar\/027b15c6c285c23386b7a2e12376d593?s=96&d=mm&r=g\",\"caption\":\"martin\"},\"url\":\"https:\/\/esthetic.sk\/de\/author\/martin\/\"}]}<\/script>\n<!-- \/ Yoast SEO plugin. -->","yoast_head_json":{"title":"Nach drei\u00dfig sind wir am sch\u00f6nsten | k\u00fcmmern wir uns um die | Esthetic Bratislava","description":"Am sch\u00f6nsten sind wir nach drei\u00dfig, aber Sch\u00f6nheit muss gepflegt werden. Und wie? Genau das werden Sie in unserem Blog lesen - dar\u00fcber, was mit unserer Haut passiert und was getan werden muss.","robots":{"index":"index","follow":"follow","max-snippet":"max-snippet:-1","max-image-preview":"max-image-preview:large","max-video-preview":"max-video-preview:-1"},"canonical":"https:\/\/esthetic.sk\/de\/blog\/am-schoensten-sind-wir-nach-dreissig-aber-unsere-schoenheit-ist-in-grosser-gefahr\/","og_locale":"de_DE","og_type":"article","og_title":"Nach drei\u00dfig sind wir am sch\u00f6nsten | k\u00fcmmern wir uns um die | Esthetic Bratislava","og_description":"Am sch\u00f6nsten sind wir nach drei\u00dfig, aber Sch\u00f6nheit muss gepflegt werden. Und wie? Genau das werden Sie in unserem Blog lesen - dar\u00fcber, was mit unserer Haut passiert und was getan werden muss.","og_url":"https:\/\/esthetic.sk\/de\/blog\/am-schoensten-sind-wir-nach-dreissig-aber-unsere-schoenheit-ist-in-grosser-gefahr\/","og_site_name":"Esthetic Bratislava","article_publisher":"https:\/\/www.facebook.com\/Klinikaesthetic","article_published_time":"2024-04-16T18:45:28+00:00","article_modified_time":"2024-04-16T18:45:29+00:00","og_image":[{"width":1500,"height":1000,"url":"https:\/\/esthetic.sk\/wp-content\/uploads\/2019\/02\/30.jpg","type":"image\/jpeg"}],"author":"martin","twitter_card":"summary_large_image","twitter_misc":{"Verfasst von":"martin","Gesch\u00e4tzte Lesezeit":"4\u00a0Minuten"},"schema":{"@context":"https:\/\/schema.org","@graph":[{"@type":"Article","@id":"https:\/\/esthetic.sk\/de\/blog\/am-schoensten-sind-wir-nach-dreissig-aber-unsere-schoenheit-ist-in-grosser-gefahr\/#article","isPartOf":{"@id":"https:\/\/esthetic.sk\/de\/blog\/am-schoensten-sind-wir-nach-dreissig-aber-unsere-schoenheit-ist-in-grosser-gefahr\/"},"author":{"name":"martin","@id":"https:\/\/esthetic.sk\/#\/schema\/person\/345d9579357cc0db1ce9265f069e535f"},"headline":"Am sch\u00f6nsten sind wir nach drei\u00dfig, aber unsere Sch\u00f6nheit ist in gro\u00dfer Gefahr","datePublished":"2024-04-16T18:45:28+00:00","dateModified":"2024-04-16T18:45:29+00:00","mainEntityOfPage":{"@id":"https:\/\/esthetic.sk\/de\/blog\/am-schoensten-sind-wir-nach-dreissig-aber-unsere-schoenheit-ist-in-grosser-gefahr\/"},"wordCount":763,"commentCount":0,"publisher":{"@id":"https:\/\/esthetic.sk\/#organization"},"image":{"@id":"https:\/\/esthetic.sk\/de\/blog\/am-schoensten-sind-wir-nach-dreissig-aber-unsere-schoenheit-ist-in-grosser-gefahr\/#primaryimage"},"thumbnailUrl":"https:\/\/esthetic.sk\/wp-content\/uploads\/2019\/02\/30.jpg","articleSection":["Blog"],"inLanguage":"de","potentialAction":[{"@type":"CommentAction","name":"Comment","target":["https:\/\/esthetic.sk\/de\/blog\/am-schoensten-sind-wir-nach-dreissig-aber-unsere-schoenheit-ist-in-grosser-gefahr\/#respond"]}]},{"@type":"WebPage","@id":"https:\/\/esthetic.sk\/de\/blog\/am-schoensten-sind-wir-nach-dreissig-aber-unsere-schoenheit-ist-in-grosser-gefahr\/","url":"https:\/\/esthetic.sk\/de\/blog\/am-schoensten-sind-wir-nach-dreissig-aber-unsere-schoenheit-ist-in-grosser-gefahr\/","name":"Nach drei\u00dfig sind wir am sch\u00f6nsten | k\u00fcmmern wir uns um die | Esthetic Bratislava","isPartOf":{"@id":"https:\/\/esthetic.sk\/#website"},"primaryImageOfPage":{"@id":"https:\/\/esthetic.sk\/de\/blog\/am-schoensten-sind-wir-nach-dreissig-aber-unsere-schoenheit-ist-in-grosser-gefahr\/#primaryimage"},"image":{"@id":"https:\/\/esthetic.sk\/de\/blog\/am-schoensten-sind-wir-nach-dreissig-aber-unsere-schoenheit-ist-in-grosser-gefahr\/#primaryimage"},"thumbnailUrl":"https:\/\/esthetic.sk\/wp-content\/uploads\/2019\/02\/30.jpg","datePublished":"2024-04-16T18:45:28+00:00","dateModified":"2024-04-16T18:45:29+00:00","description":"Am sch\u00f6nsten sind wir nach drei\u00dfig, aber Sch\u00f6nheit muss gepflegt werden. Und wie? Genau das werden Sie in unserem Blog lesen - dar\u00fcber, was mit unserer Haut passiert und was getan werden muss.","breadcrumb":{"@id":"https:\/\/esthetic.sk\/de\/blog\/am-schoensten-sind-wir-nach-dreissig-aber-unsere-schoenheit-ist-in-grosser-gefahr\/#breadcrumb"},"inLanguage":"de","potentialAction":[{"@type":"ReadAction","target":["https:\/\/esthetic.sk\/de\/blog\/am-schoensten-sind-wir-nach-dreissig-aber-unsere-schoenheit-ist-in-grosser-gefahr\/"]}]},{"@type":"ImageObject","inLanguage":"de","@id":"https:\/\/esthetic.sk\/de\/blog\/am-schoensten-sind-wir-nach-dreissig-aber-unsere-schoenheit-ist-in-grosser-gefahr\/#primaryimage","url":"https:\/\/esthetic.sk\/wp-content\/uploads\/2019\/02\/30.jpg","contentUrl":"https:\/\/esthetic.sk\/wp-content\/uploads\/2019\/02\/30.jpg","width":1500,"height":1000},{"@type":"BreadcrumbList","@id":"https:\/\/esthetic.sk\/de\/blog\/am-schoensten-sind-wir-nach-dreissig-aber-unsere-schoenheit-ist-in-grosser-gefahr\/#breadcrumb","itemListElement":[{"@type":"ListItem","position":1,"name":"Home","item":"https:\/\/esthetic.sk\/"},{"@type":"ListItem","position":2,"name":"Am sch\u00f6nsten sind wir nach drei\u00dfig, aber unsere Sch\u00f6nheit ist in gro\u00dfer Gefahr"}]},{"@type":"WebSite","@id":"https:\/\/esthetic.sk\/#website","url":"https:\/\/esthetic.sk\/","name":"Esthetic Bratislava","description":"R\u00fdchla cesta k dokonal\u00e9mu vz\u013eadu","publisher":{"@id":"https:\/\/esthetic.sk\/#organization"},"potentialAction":[{"@type":"SearchAction","target":{"@type":"EntryPoint","urlTemplate":"https:\/\/esthetic.sk\/?s={search_term_string}"},"query-input":{"@type":"PropertyValueSpecification","valueRequired":true,"valueName":"search_term_string"}}],"inLanguage":"de"},{"@type":"Organization","@id":"https:\/\/esthetic.sk\/#organization","name":"Esthetic .s.r.o.","url":"https:\/\/esthetic.sk\/","logo":{"@type":"ImageObject","inLanguage":"de","@id":"https:\/\/esthetic.sk\/#\/schema\/logo\/image\/","url":"https:\/\/esthetic.sk\/wp-content\/uploads\/2019\/02\/logo-1.svg","contentUrl":"https:\/\/esthetic.sk\/wp-content\/uploads\/2019\/02\/logo-1.svg","width":1,"height":1,"caption":"Esthetic .s.r.o."},"image":{"@id":"https:\/\/esthetic.sk\/#\/schema\/logo\/image\/"},"sameAs":["https:\/\/www.facebook.com\/Klinikaesthetic","https:\/\/www.instagram.com\/klinikaesthetic\/","https:\/\/www.youtube.com\/channel\/UC8AgtXNjHpne8qWdj9szu1A"]},{"@type":"Person","@id":"https:\/\/esthetic.sk\/#\/schema\/person\/345d9579357cc0db1ce9265f069e535f","name":"martin","image":{"@type":"ImageObject","inLanguage":"de","@id":"https:\/\/esthetic.sk\/#\/schema\/person\/image\/","url":"https:\/\/secure.gravatar.com\/avatar\/027b15c6c285c23386b7a2e12376d593?s=96&d=mm&r=g","contentUrl":"https:\/\/secure.gravatar.com\/avatar\/027b15c6c285c23386b7a2e12376d593?s=96&d=mm&r=g","caption":"martin"},"url":"https:\/\/esthetic.sk\/de\/author\/martin\/"}]}},"_links":{"self":[{"href":"https:\/\/esthetic.sk\/de\/wp-json\/wp\/v2\/posts\/6208"}],"collection":[{"href":"https:\/\/esthetic.sk\/de\/wp-json\/wp\/v2\/posts"}],"about":[{"href":"https:\/\/esthetic.sk\/de\/wp-json\/wp\/v2\/types\/post"}],"author":[{"embeddable":true,"href":"https:\/\/esthetic.sk\/de\/wp-json\/wp\/v2\/users\/1"}],"replies":[{"embeddable":true,"href":"https:\/\/esthetic.sk\/de\/wp-json\/wp\/v2\/comments?post=6208"}],"version-history":[{"count":1,"href":"https:\/\/esthetic.sk\/de\/wp-json\/wp\/v2\/posts\/6208\/revisions"}],"predecessor-version":[{"id":6210,"href":"https:\/\/esthetic.sk\/de\/wp-json\/wp\/v2\/posts\/6208\/revisions\/6210"}],"wp:featuredmedia":[{"embeddable":true,"href":"https:\/\/esthetic.sk\/de\/wp-json\/wp\/v2\/media\/5461"}],"wp:attachment":[{"href":"https:\/\/esthetic.sk\/de\/wp-json\/wp\/v2\/media?parent=6208"}],"wp:term":[{"taxonomy":"category","embeddable":true,"href":"https:\/\/esthetic.sk\/de\/wp-json\/wp\/v2\/categories?post=6208"},{"taxonomy":"post_tag","embeddable":true,"href":"https:\/\/esthetic.sk\/de\/wp-json\/wp\/v2\/tags?post=6208"}],"curies":[{"name":"wp","href":"https:\/\/api.w.org\/{rel}","templated":true}]}}