{"id":6146,"date":"2024-04-16T20:44:41","date_gmt":"2024-04-16T18:44:41","guid":{"rendered":"https:\/\/esthetic.sk\/unkategorisiert\/die-bekannte-aerztin-sandra-novotna-rozborilova-gibt-offen-zu-creme-glaettet-keine-falten\/"},"modified":"2024-04-16T20:44:41","modified_gmt":"2024-04-16T18:44:41","slug":"die-bekannte-aerztin-sandra-novotna-rozborilova-gibt-offen-zu-creme-glaettet-keine-falten","status":"publish","type":"post","link":"https:\/\/esthetic.sk\/de\/blog\/die-bekannte-aerztin-sandra-novotna-rozborilova-gibt-offen-zu-creme-glaettet-keine-falten\/","title":{"rendered":"Die bekannte \u00c4rztin Sandra Novotn\u00e1 Rozborilov\u00e1 gibt offen zu: Creme gl\u00e4ttet keine Falten!"},"content":{"rendered":"<style>\n#clanok-blogu .post-thumbnail {background-position:top}\n<\/style>\n\n<b>Die Haut\u00e4rztin Sandra Novotn\u00e1 Rozborilov\u00e1 hat eine neue Serie von Kosmetikprodukten nach sich selbst benannt, weil sie sie f\u00fcr sich selbst hergestellt hat. Das Interesse an solchen Produkten ist immer gro\u00df, aber sie ist ehrlich zu ihren Patienten und w\u00fcrde sie nie anl\u00fcgen, dass ihre Creme Falten gl\u00e4ttet. So etwas gibt es nicht. Ihre Produkte helfen anders.<\/b><br><br>\n<b>Sie haben mit der Herstellung von Cremes begonnen, als es noch kein Botulinumtoxin und andere Methoden zur schnellen Gesichtsverj\u00fcngung gab. Waren Cremes damals die einzige M\u00f6glichkeit, Ihre Haut zu pflegen?<\/b>\n<br><br>\nEs war nicht nur die einzige, sondern vor drei\u00dfig Jahren gab es noch nicht einmal so viele topische Cremes wie heute, mit jedem erdenklichen Wirkstoff und auf Rezept. Als Neuling war ich daf\u00fcr zust\u00e4ndig, Rezepte f\u00fcr die Apotheke auszustellen, um Salben und L\u00f6sungen f\u00fcr die gesamte Abteilung herzustellen, wie jeder andere Neuling in der Klinik auch. Wir hatten ein dickes Arbeitsbuch mit einzelnen Medikamenten in verschiedenen Salbengrundlagen, die seit Generationen weitergegeben worden waren. Daneben habe ich auch mit der Herstellung von Cremes f\u00fcr den Eigengebrauch experimentiert. Ich habe ausprobiert, was bei welchem Problem hilft, und wenn ich etwas Bestimmtes brauchte, musste ich es in der Apotheke herstellen lassen. Die Haut\u00e4rzte wussten, was die Haut braucht, aber auch, was sie nicht braucht.\n<br><br>\n<b>Ist das der Grund, warum sie alle so sch\u00f6ne Haut hatten?<\/b>\n<br><br>\nGanz genau. Als Medizinstudent fiel mir auf, dass die erfahreneren Lederfrauen eine sehr sch\u00f6ne Haut hatten. Ich erinnere mich immer noch an ihre alte Regel &#8222;weniger ist mehr&#8220; &#8211; vor allem, wenn ich die Folgen der Verwendung von vielen Kosmetika, komplizierten Routinen und h\u00e4ufigen Rotationen in der Klinik sehe. Die Schutzbarriere der Haut wird durchbrochen, oder die Haut wird sensibilisiert und eine Allergie entwickelt sich. Das ist das Problem. Die Person vertr\u00e4gt dann nicht einmal mehr eine minimale Menge der Substanz, gegen die sie allergisch ist. Schlimmer noch, es kommt zu verschiedenen Kreuzreaktionen und die Haut vertr\u00e4gt fast nichts mehr. Etwas M\u00e4\u00dfigung bei der Verwendung von Kosmetika zahlt sich wirklich aus.\n<br><br>\n<b>Allerdings stellt nicht jeder Dermatologe seine eigenen Cremes her, so dass f\u00fcr Sie wahrscheinlich etwas mehr dahinter steckt&#8230;<\/b>\n<br><br>\nIrgendwie bin ich da hineingeraten. (l\u00e4cheln) Ich habe viel studiert, die kosmetischen Gewohnheiten und schlechten Gewohnheiten der Patienten in meiner Praxis beobachtet und herausgefunden, warum manche Patienten h\u00e4ufiger behandelt werden m\u00fcssen, w\u00e4hrend bei anderen die Wirkung l\u00e4nger anh\u00e4lt. Ich war inspiriert und fasziniert von der Geschichte der medizinischen Kosmetik. Viele Menschen wissen es heute gar nicht mehr, weil alles in der \u00e4sthetischen Medizin kommerzialisiert ist, aber in den f\u00fcnfziger Jahren gab es in der Slowakei ein Institut, das sich mit der Behandlung von \u00e4sthetischen Defekten der Haut befasste. Ich muss sagen, dass es selbst nach heutigen Ma\u00dfst\u00e4ben ein Institut war, das fantastische Standards f\u00fcr die Behandlung von Hautproblemen entwickelt hatte und auch eine eigene Kosmetiklinie besa\u00df. Bis heute ist Katka Traubnerov\u00e1, eine Chemikerin, mit der ich immer noch zusammenarbeite, sehr aktiv auf diesem Gebiet.\n<br><br>\n<b>Wie wurde Ihre erste Creme kreiert und verkauft?<\/b>\n<br><br>\nIch habe angefangen, es f\u00fcr meinen eigenen Gebrauch zu mischen. Ich benutze es seit drei\u00dfig Jahren t\u00e4glich. Ich habe verschiedene geerbte Rezepte kombiniert und sie nach und nach ver\u00e4ndert. Ich habe extrem trockene Haut und es war schwer, hochwertige Kosmetik zu finden, die nicht Hunderte von Euro kostet. Aber die erste Basislinie bestand aus einer Lotion, einer n\u00e4hrenden und einer feuchtigkeitsspendenden Creme. Aber dann wurde ich von meinen Kunden vorw\u00e4rts getrieben. Als ich die Klinik er\u00f6ffnete, behielt ich im Auge, was sie plagte und was sie f\u00fcr ihre t\u00e4gliche Pflege brauchten. \u00c4sthetische Behandlungen, die Sie alle sechs Monate durchf\u00fchren lassen k\u00f6nnen, sind eine Sache, aber es ist sehr wichtig, dass Sie sich t\u00e4glich um Ihre Haut k\u00fcmmern. Sie bestimmt auch, wie oft Sie sich einer Mesotherapie, Botox oder einem Laser unterziehen m\u00fcssen.\n<br><br>\n<b>Heute bieten Sie auch Seren, Shampoos und Elixiere an, und sogar Ihr Mann Vilo Rozboril soll hinter dem Verkauf Ihrer Kosmetika \u00fcber den E-Shop stehen. Ist das wahr?<\/b>\n<br><br>\nDa sich meine Klinik in Palis\u00e1dy befindet, wo viele Diplomaten leben, kamen zahlreiche Kunden aus dem Ausland zu mir. Dank der Tatsache, dass ich ihnen bei ihren Hautproblemen, aber auch auf der Ebene der \u00e4sthetischen Medizin geholfen habe, lie\u00dfen sie sich nach ihrer Abreise aus der Slowakei meine Kosmetika durch Freunde ins Ausland bringen. Ich sp\u00fcrte, dass meine Produkte mehr Potenzial hatten, aber ich hatte immer noch nicht den Mut oder den Ehrgeiz, \u00fcber die Klinik hinaus zu expandieren. Und ja, erst Vilo \u00fcberzeugte mich von dem E-Shop und der Idee, mich einem breiteren Publikum vorzustellen. Es lief besser als erwartet, so dass ich den gesamten Produktionsprozess von der Klinik in die Produktionslinie verlegt habe, wo die Cremes unter den f\u00fcr die Herstellung von Arzneimitteln vorgesehenen Bedingungen produziert werden. Die Verk\u00e4ufe aus unseren Regalen sind \u00fcber Vertriebsnetze an die Drogerien gegangen.\n<br><br>\n<b>Was ist das Wichtigste, das Sie bei der Herstellung der Creme beachten? Ist es f\u00fcr \u00e4ltere, j\u00fcngere, M\u00e4nner, Frauen oder nach Hauttyp?<\/b>\n<br><br>\nDie Basis-Kosmetiklinie ist nach Hauttyp unterteilt &#8211; trocken, fettig, gemischt. Es gibt nichts Schlimmeres als eine Person mit fettiger Haut, die eine schwere Pflegecreme kauft, weil sie den darin enthaltenen Wirkstoff mag. Das Vehikel, d.h. die Basis, in die die Wirkstoffe gemischt werden, bestimmt, ob die Creme zu Ihnen passt oder nicht, um es mal laienhaft auszudr\u00fccken. F\u00fcr reife Haut wird nat\u00fcrlich auch eine zus\u00e4tzliche Pflege empfohlen, d.h. verschiedene Seren.\n<br><br>\n<b>Wie wird also eine neue Creme erstellt? Mir ist aufgefallen, dass immer etwas anderes in Mode ist, und alle Cremes enthalten entweder Hyalurons\u00e4ure, Vitamin C, Vitamin A&#8230;.<\/b>\n<br><br>\nWenn ich mich f\u00fcr ein neues Produkt entscheide, werde ich meist von einem neuen Molek\u00fcl angezogen, \u00fcber das ich in der Literatur gelesen habe. Dann suchen wir gemeinsam mit dem Chemiker, in welchem Labor der Welt wir es bekommen k\u00f6nnen. Meistens kommt es aus den USA, der Schweiz oder Deutschland. Die zweite Motivation f\u00fcr mich ist ein Problem, das ich l\u00f6sen m\u00f6chte, und ich suche gezielt nach Wirkstoffen. Der Apotheker beginnt, mehrere Cremes nach meinem Rezept zu mischen und bringt sie mir zum Testen. Zuerst probiere ich sie an mir selbst, an Freunden und an der Familie aus. Wenn sie uns zusagt, wird die Creme in den normalen Labortests auf Toxizit\u00e4t, Stabilit\u00e4t, bakteriologische Sicherheit usw. gepr\u00fcft. Am Ende gibt es ein gro\u00dfes Buch, das eine Reihe von Genehmigungen f\u00fcr den Verkauf des Produkts in der EU enth\u00e4lt.\n<br><br>\n\n<b>Apropos Molek\u00fcle und Wirkstoffe, was ist derzeit am gefragtesten?<\/b>\n<br><br>\nHyalurons\u00e4ure, Vitamin C, Vitamin A, Bakuchiol als Alternative zu Retinol f\u00fcr empfindliche Haut und schwangere und stillende Frauen, Ceramide, Coenzym Q, Peptide, Aminos\u00e4uren&#8230;.Es gibt Studien zu all diesen Substanzen, die \u00fcber ihren Einfluss auf die Vorbeugung der Hautalterung sprechen. Aber gleichzeitig m\u00fcssen wir unseren Kunden gegen\u00fcber ehrlich sein und sagen, dass keine Creme Falten beseitigen kann. Die Creme wird pr\u00e4ventiv eingesetzt. Es handelt sich nicht um eine kurative Methode, sondern um eine pr\u00e4ventive Methode, die eine vorzeitige Alterung verhindern kann. Wenn Ihnen jemand verspricht, dass eine Creme Falten beseitigen wird, l\u00fcgt er. Unsere Haut ist kein Schwamm, sondern eine Barriere, die uns vor \u00e4u\u00dferen Einfl\u00fcssen sch\u00fctzt. W\u00e4re unsere Haut durchl\u00e4ssig f\u00fcr gute Stoffe, w\u00e4re sie auch durchl\u00e4ssig f\u00fcr schlechte Stoffe, und damit w\u00e4re unser K\u00f6rper einem gro\u00dfen Risiko ausgesetzt. Aufgrund dieser Abwehrfunktion der Haut k\u00f6nnen wir wirklich wirksame Stoffe nicht an solche Stellen und in solchen Konzentrationen bringen, dass sie Falten ausgleichen. Hierf\u00fcr gibt es andere Methoden. \u00c4hnlich verh\u00e4lt es sich zum Beispiel mit Pigmentflecken. Es gibt eine Reihe von Substanzen, die vielversprechende klinische Daten aufweisen, aber in der Praxis landen die meisten Frauen bei einer Laserentfernung.\n<br><br>\n<b>Was n\u00fctzen Seren, wenn sie den Wirkstoff nicht einmal tiefer in die Haut einbringen?<\/b>\n<br><br>\nIch liebe Seren. Das sind Pr\u00e4parate, in denen die Wirkstoffe in h\u00f6herer Konzentration enthalten sind. Daher werden sie als Kombination f\u00fcr reifere Haut verwendet oder wenn wir ein bestimmtes Problem behandeln. Der Punkt ist, dass wir mit der richtigen Kombination von Cremes und Seren Falten vorbeugen k\u00f6nnen.\n<br><br>\n<b>Was gef\u00e4llt Ihnen an Ihrer Marke am besten?<\/b>\n<br><br>\nIch bin ein Minimalist, denn weniger ist mehr, wenn es um Hautpflege geht. Haut ist sch\u00f6n, wenn sie gesund ist und richtig gepflegt wird. Die Creme muss nicht riechen oder eine spektakul\u00e4re Verpackung haben. Menschen, die Unvertr\u00e4glichkeiten oder Allergien hatten und kein Leitungswasser mehr f\u00fcr ihr Gesicht verwenden k\u00f6nnen, weil sie es nicht vertragen, k\u00f6nnen Ihnen davon erz\u00e4hlen. Es gibt keinen Grund, dem Trend einer Hautroutine zu verfallen, die aus zwanzig Schritten und verschiedenen abrasiven Peelings besteht, weil die Hautoberfl\u00e4che dadurch unn\u00f6tig gest\u00f6rt wird.\n<br><br>\n<b>Ist der Preis bei der Hautpflege wichtig? Stimmt es, dass die Qualit\u00e4t einer Creme umso besser ist, je teurer sie ist?<\/b>\n<br><br>\nSicherlich nicht. Ein gro\u00dfer Teil des Preises ist Marketing und die Marke selbst. Wissen Sie, wie viele Menschen daran arbeiten, bekannte Markencremes weltweit zu bewerben? Sie m\u00fcssen alle bezahlt werden, und derjenige, der die Creme kauft, bezahlt sie auch.\n<br><br>\n<b>Um auf diese Molek\u00fcle zur\u00fcckzukommen&#8230; Gibt es eines, das so teuer ist, dass niemand es hat?<\/b>\n<br><br>\nIn letzter Zeit wurde viel dar\u00fcber diskutiert, ob es eine gute Idee w\u00e4re, Botulinumtoxin in eine Creme einzubringen, um z.B. das Schwitzen zu stoppen. Aber selbst die besten Labore der Welt k\u00f6nnen es nicht verarbeiten. Sie k\u00f6nnen keinen Tr\u00e4ger finden, der das Molek\u00fcl an seinen Bestimmungsort bringt, den Punkt, an dem die Erregung vom Nerv zum Muskel auf der Zwischenzellplatte \u00fcbertragen wird. Das best\u00e4tigt das Vorherige, dass selbst wir den Wirkstoff nicht so tief in die Struktur bekommen k\u00f6nnen, wo wir ihn brauchen. Wenn das der Fall w\u00e4re, w\u00fcrden wir keine Injektionen verwenden und die \u00e4sthetische Dermatologie w\u00fcrde aufh\u00f6ren zu existieren.\n<br><br>\n<b>Was ist beim Kauf einer Creme oder eines Serums wichtig?<\/b>\n<br><br>\nWelchen Hauttyp Sie haben. Fettige Haut braucht eine leichte Emulsion mit Urea oder Ceramiden. Bei trockener Haut hingegen k\u00f6nnen Sie eine Creme mit starker okklusiver Wirkung und verschiedene Seren darunter auftragen.\n<br><br>\n<b>Wir kennen mindestens f\u00fcnf Prominente, die von Ihrer Halbfettcreme nicht genug bekommen k\u00f6nnen und sie schon seit Jahren kaufen. Ist dies das Produkt, auf das Sie am meisten stolz sind?<\/b>\n<br><br>\nIch bin sehr stolz auf Superelixir. Es ist eine Creme f\u00fcr trockene Haut, die ich habe, und deshalb habe ich sie entwickelt. Ich habe das Rezept von Mrs. Edith, der Mutter meines Freundes, geerbt, die nicht mehr lebt. Sie arbeitete als Instrumentenmacherin in der ersten Klinik f\u00fcr plastische Chirurgie in der Partiz\u00e1nsk\u00e1 Stra\u00dfe in Bratislava, wo Kinder mit Verbrennungen behandelt wurden. Es gab eine Verbrennungscreme, von der ich die Basis genommen und andere Wirkstoffe aus dem Anti-Aging-Spektrum hinzugef\u00fcgt habe. Ich bin auch stolz auf diese neueste 24-Stunden-Ultra-Gesichtspflege mit Ceramiden, die absolut auf dem neuesten Stand der Technik ist. Es ist f\u00fcr Menschen mit besonders feuchtigkeitsarmer Haut gedacht, aber auch f\u00fcr diejenigen, die keine Feuchtigkeitspflege verwenden m\u00f6chten. Und deshalb ist es auch f\u00fcr M\u00e4nner sehr gut.\n<br><br>\n<em class=\"zdroj\">Quelle : https:\/\/www1.pluska.sk\/rady-a-tipy\/znama-lekarka-sandra-novotna-rozborilova-otvorene-priznala-krem-vrasky-nevyhladi<\/em>","protected":false},"excerpt":{"rendered":"Die Haut\u00e4rztin Sandra Novotn\u00e1 Rozborilov\u00e1 hat eine neue Serie von Kosmetikprodukten nach sich selbst benannt, weil sie sie f\u00fcr sich selbst hergestellt hat. Das Interesse an solchen Produkten ist immer gro\u00df, aber sie ist ehrlich zu ihren Patienten und w\u00fcrde sie nie anl\u00fcgen, dass ihre Creme Falten gl\u00e4ttet. So etwas gibt es nicht. Ihre Produkte","protected":false},"author":1,"featured_media":5840,"comment_status":"open","ping_status":"open","sticky":false,"template":"","format":"standard","meta":{"inline_featured_image":false,"footnotes":""},"categories":[46],"tags":[],"class_list":["post-6146","post","type-post","status-publish","format-standard","has-post-thumbnail","hentry","category-blog"],"yoast_head":"<!-- This site is optimized with the Yoast SEO plugin v23.7 - https:\/\/yoast.com\/wordpress\/plugins\/seo\/ -->\n<title>Die bekannte \u00c4rztin Sandra Novotn\u00e1 Rozborilov\u00e1 gibt offen zu: Creme gl\u00e4ttet keine Falten! | Esthetic Bratislava<\/title>\n<meta name=\"robots\" content=\"index, follow, max-snippet:-1, max-image-preview:large, max-video-preview:-1\" \/>\n<link rel=\"canonical\" href=\"https:\/\/esthetic.sk\/de\/blog\/die-bekannte-aerztin-sandra-novotna-rozborilova-gibt-offen-zu-creme-glaettet-keine-falten\/\" \/>\n<meta property=\"og:locale\" content=\"de_DE\" \/>\n<meta property=\"og:type\" content=\"article\" \/>\n<meta property=\"og:title\" content=\"Die bekannte \u00c4rztin Sandra Novotn\u00e1 Rozborilov\u00e1 gibt offen zu: Creme gl\u00e4ttet keine Falten! | Esthetic Bratislava\" \/>\n<meta property=\"og:description\" content=\"Die Haut\u00e4rztin Sandra Novotn\u00e1 Rozborilov\u00e1 hat eine neue Serie von Kosmetikprodukten nach sich selbst benannt, weil sie sie f\u00fcr sich selbst hergestellt hat. Das Interesse an solchen Produkten ist immer gro\u00df, aber sie ist ehrlich zu ihren Patienten und w\u00fcrde sie nie anl\u00fcgen, dass ihre Creme Falten gl\u00e4ttet. So etwas gibt es nicht. Ihre Produkte\" \/>\n<meta property=\"og:url\" content=\"https:\/\/esthetic.sk\/de\/blog\/die-bekannte-aerztin-sandra-novotna-rozborilova-gibt-offen-zu-creme-glaettet-keine-falten\/\" \/>\n<meta property=\"og:site_name\" content=\"Esthetic Bratislava\" \/>\n<meta property=\"article:publisher\" content=\"https:\/\/www.facebook.com\/Klinikaesthetic\" \/>\n<meta property=\"article:published_time\" content=\"2024-04-16T18:44:41+00:00\" \/>\n<meta property=\"og:image\" content=\"https:\/\/esthetic.sk\/wp-content\/uploads\/2023\/11\/dr-sandra-blog-esthetic.jpg\" \/>\n\t<meta property=\"og:image:width\" content=\"1024\" \/>\n\t<meta property=\"og:image:height\" content=\"780\" \/>\n\t<meta property=\"og:image:type\" content=\"image\/jpeg\" \/>\n<meta name=\"author\" content=\"martin\" \/>\n<meta name=\"twitter:card\" content=\"summary_large_image\" \/>\n<meta name=\"twitter:label1\" content=\"Verfasst von\" \/>\n\t<meta name=\"twitter:data1\" content=\"martin\" \/>\n\t<meta name=\"twitter:label2\" content=\"Gesch\u00e4tzte Lesezeit\" \/>\n\t<meta name=\"twitter:data2\" content=\"10\u00a0Minuten\" \/>\n<script type=\"application\/ld+json\" class=\"yoast-schema-graph\">{\"@context\":\"https:\/\/schema.org\",\"@graph\":[{\"@type\":\"Article\",\"@id\":\"https:\/\/esthetic.sk\/de\/blog\/die-bekannte-aerztin-sandra-novotna-rozborilova-gibt-offen-zu-creme-glaettet-keine-falten\/#article\",\"isPartOf\":{\"@id\":\"https:\/\/esthetic.sk\/de\/blog\/die-bekannte-aerztin-sandra-novotna-rozborilova-gibt-offen-zu-creme-glaettet-keine-falten\/\"},\"author\":{\"name\":\"martin\",\"@id\":\"https:\/\/esthetic.sk\/#\/schema\/person\/345d9579357cc0db1ce9265f069e535f\"},\"headline\":\"Die bekannte \u00c4rztin Sandra Novotn\u00e1 Rozborilov\u00e1 gibt offen zu: Creme gl\u00e4ttet keine Falten!\",\"datePublished\":\"2024-04-16T18:44:41+00:00\",\"dateModified\":\"2024-04-16T18:44:41+00:00\",\"mainEntityOfPage\":{\"@id\":\"https:\/\/esthetic.sk\/de\/blog\/die-bekannte-aerztin-sandra-novotna-rozborilova-gibt-offen-zu-creme-glaettet-keine-falten\/\"},\"wordCount\":1935,\"commentCount\":0,\"publisher\":{\"@id\":\"https:\/\/esthetic.sk\/#organization\"},\"image\":{\"@id\":\"https:\/\/esthetic.sk\/de\/blog\/die-bekannte-aerztin-sandra-novotna-rozborilova-gibt-offen-zu-creme-glaettet-keine-falten\/#primaryimage\"},\"thumbnailUrl\":\"https:\/\/esthetic.sk\/wp-content\/uploads\/2023\/11\/dr-sandra-blog-esthetic.jpg\",\"articleSection\":[\"Blog\"],\"inLanguage\":\"de\",\"potentialAction\":[{\"@type\":\"CommentAction\",\"name\":\"Comment\",\"target\":[\"https:\/\/esthetic.sk\/de\/blog\/die-bekannte-aerztin-sandra-novotna-rozborilova-gibt-offen-zu-creme-glaettet-keine-falten\/#respond\"]}]},{\"@type\":\"WebPage\",\"@id\":\"https:\/\/esthetic.sk\/de\/blog\/die-bekannte-aerztin-sandra-novotna-rozborilova-gibt-offen-zu-creme-glaettet-keine-falten\/\",\"url\":\"https:\/\/esthetic.sk\/de\/blog\/die-bekannte-aerztin-sandra-novotna-rozborilova-gibt-offen-zu-creme-glaettet-keine-falten\/\",\"name\":\"Die bekannte \u00c4rztin Sandra Novotn\u00e1 Rozborilov\u00e1 gibt offen zu: Creme gl\u00e4ttet keine Falten! | Esthetic Bratislava\",\"isPartOf\":{\"@id\":\"https:\/\/esthetic.sk\/#website\"},\"primaryImageOfPage\":{\"@id\":\"https:\/\/esthetic.sk\/de\/blog\/die-bekannte-aerztin-sandra-novotna-rozborilova-gibt-offen-zu-creme-glaettet-keine-falten\/#primaryimage\"},\"image\":{\"@id\":\"https:\/\/esthetic.sk\/de\/blog\/die-bekannte-aerztin-sandra-novotna-rozborilova-gibt-offen-zu-creme-glaettet-keine-falten\/#primaryimage\"},\"thumbnailUrl\":\"https:\/\/esthetic.sk\/wp-content\/uploads\/2023\/11\/dr-sandra-blog-esthetic.jpg\",\"datePublished\":\"2024-04-16T18:44:41+00:00\",\"dateModified\":\"2024-04-16T18:44:41+00:00\",\"breadcrumb\":{\"@id\":\"https:\/\/esthetic.sk\/de\/blog\/die-bekannte-aerztin-sandra-novotna-rozborilova-gibt-offen-zu-creme-glaettet-keine-falten\/#breadcrumb\"},\"inLanguage\":\"de\",\"potentialAction\":[{\"@type\":\"ReadAction\",\"target\":[\"https:\/\/esthetic.sk\/de\/blog\/die-bekannte-aerztin-sandra-novotna-rozborilova-gibt-offen-zu-creme-glaettet-keine-falten\/\"]}]},{\"@type\":\"ImageObject\",\"inLanguage\":\"de\",\"@id\":\"https:\/\/esthetic.sk\/de\/blog\/die-bekannte-aerztin-sandra-novotna-rozborilova-gibt-offen-zu-creme-glaettet-keine-falten\/#primaryimage\",\"url\":\"https:\/\/esthetic.sk\/wp-content\/uploads\/2023\/11\/dr-sandra-blog-esthetic.jpg\",\"contentUrl\":\"https:\/\/esthetic.sk\/wp-content\/uploads\/2023\/11\/dr-sandra-blog-esthetic.jpg\",\"width\":1024,\"height\":780},{\"@type\":\"BreadcrumbList\",\"@id\":\"https:\/\/esthetic.sk\/de\/blog\/die-bekannte-aerztin-sandra-novotna-rozborilova-gibt-offen-zu-creme-glaettet-keine-falten\/#breadcrumb\",\"itemListElement\":[{\"@type\":\"ListItem\",\"position\":1,\"name\":\"Home\",\"item\":\"https:\/\/esthetic.sk\/\"},{\"@type\":\"ListItem\",\"position\":2,\"name\":\"Die bekannte \u00c4rztin Sandra Novotn\u00e1 Rozborilov\u00e1 gibt offen zu: Creme gl\u00e4ttet keine Falten!\"}]},{\"@type\":\"WebSite\",\"@id\":\"https:\/\/esthetic.sk\/#website\",\"url\":\"https:\/\/esthetic.sk\/\",\"name\":\"Esthetic Bratislava\",\"description\":\"R\u00fdchla cesta k dokonal\u00e9mu vz\u013eadu\",\"publisher\":{\"@id\":\"https:\/\/esthetic.sk\/#organization\"},\"potentialAction\":[{\"@type\":\"SearchAction\",\"target\":{\"@type\":\"EntryPoint\",\"urlTemplate\":\"https:\/\/esthetic.sk\/?s={search_term_string}\"},\"query-input\":{\"@type\":\"PropertyValueSpecification\",\"valueRequired\":true,\"valueName\":\"search_term_string\"}}],\"inLanguage\":\"de\"},{\"@type\":\"Organization\",\"@id\":\"https:\/\/esthetic.sk\/#organization\",\"name\":\"Esthetic .s.r.o.\",\"url\":\"https:\/\/esthetic.sk\/\",\"logo\":{\"@type\":\"ImageObject\",\"inLanguage\":\"de\",\"@id\":\"https:\/\/esthetic.sk\/#\/schema\/logo\/image\/\",\"url\":\"https:\/\/esthetic.sk\/wp-content\/uploads\/2019\/02\/logo-1.svg\",\"contentUrl\":\"https:\/\/esthetic.sk\/wp-content\/uploads\/2019\/02\/logo-1.svg\",\"width\":1,\"height\":1,\"caption\":\"Esthetic .s.r.o.\"},\"image\":{\"@id\":\"https:\/\/esthetic.sk\/#\/schema\/logo\/image\/\"},\"sameAs\":[\"https:\/\/www.facebook.com\/Klinikaesthetic\",\"https:\/\/www.instagram.com\/klinikaesthetic\/\",\"https:\/\/www.youtube.com\/channel\/UC8AgtXNjHpne8qWdj9szu1A\"]},{\"@type\":\"Person\",\"@id\":\"https:\/\/esthetic.sk\/#\/schema\/person\/345d9579357cc0db1ce9265f069e535f\",\"name\":\"martin\",\"image\":{\"@type\":\"ImageObject\",\"inLanguage\":\"de\",\"@id\":\"https:\/\/esthetic.sk\/#\/schema\/person\/image\/\",\"url\":\"https:\/\/secure.gravatar.com\/avatar\/027b15c6c285c23386b7a2e12376d593?s=96&d=mm&r=g\",\"contentUrl\":\"https:\/\/secure.gravatar.com\/avatar\/027b15c6c285c23386b7a2e12376d593?s=96&d=mm&r=g\",\"caption\":\"martin\"},\"url\":\"https:\/\/esthetic.sk\/de\/author\/martin\/\"}]}<\/script>\n<!-- \/ Yoast SEO plugin. -->","yoast_head_json":{"title":"Die bekannte \u00c4rztin Sandra Novotn\u00e1 Rozborilov\u00e1 gibt offen zu: Creme gl\u00e4ttet keine Falten! | Esthetic Bratislava","robots":{"index":"index","follow":"follow","max-snippet":"max-snippet:-1","max-image-preview":"max-image-preview:large","max-video-preview":"max-video-preview:-1"},"canonical":"https:\/\/esthetic.sk\/de\/blog\/die-bekannte-aerztin-sandra-novotna-rozborilova-gibt-offen-zu-creme-glaettet-keine-falten\/","og_locale":"de_DE","og_type":"article","og_title":"Die bekannte \u00c4rztin Sandra Novotn\u00e1 Rozborilov\u00e1 gibt offen zu: Creme gl\u00e4ttet keine Falten! | Esthetic Bratislava","og_description":"Die Haut\u00e4rztin Sandra Novotn\u00e1 Rozborilov\u00e1 hat eine neue Serie von Kosmetikprodukten nach sich selbst benannt, weil sie sie f\u00fcr sich selbst hergestellt hat. Das Interesse an solchen Produkten ist immer gro\u00df, aber sie ist ehrlich zu ihren Patienten und w\u00fcrde sie nie anl\u00fcgen, dass ihre Creme Falten gl\u00e4ttet. So etwas gibt es nicht. Ihre Produkte","og_url":"https:\/\/esthetic.sk\/de\/blog\/die-bekannte-aerztin-sandra-novotna-rozborilova-gibt-offen-zu-creme-glaettet-keine-falten\/","og_site_name":"Esthetic Bratislava","article_publisher":"https:\/\/www.facebook.com\/Klinikaesthetic","article_published_time":"2024-04-16T18:44:41+00:00","og_image":[{"width":1024,"height":780,"url":"https:\/\/esthetic.sk\/wp-content\/uploads\/2023\/11\/dr-sandra-blog-esthetic.jpg","type":"image\/jpeg"}],"author":"martin","twitter_card":"summary_large_image","twitter_misc":{"Verfasst von":"martin","Gesch\u00e4tzte Lesezeit":"10\u00a0Minuten"},"schema":{"@context":"https:\/\/schema.org","@graph":[{"@type":"Article","@id":"https:\/\/esthetic.sk\/de\/blog\/die-bekannte-aerztin-sandra-novotna-rozborilova-gibt-offen-zu-creme-glaettet-keine-falten\/#article","isPartOf":{"@id":"https:\/\/esthetic.sk\/de\/blog\/die-bekannte-aerztin-sandra-novotna-rozborilova-gibt-offen-zu-creme-glaettet-keine-falten\/"},"author":{"name":"martin","@id":"https:\/\/esthetic.sk\/#\/schema\/person\/345d9579357cc0db1ce9265f069e535f"},"headline":"Die bekannte \u00c4rztin Sandra Novotn\u00e1 Rozborilov\u00e1 gibt offen zu: Creme gl\u00e4ttet keine Falten!","datePublished":"2024-04-16T18:44:41+00:00","dateModified":"2024-04-16T18:44:41+00:00","mainEntityOfPage":{"@id":"https:\/\/esthetic.sk\/de\/blog\/die-bekannte-aerztin-sandra-novotna-rozborilova-gibt-offen-zu-creme-glaettet-keine-falten\/"},"wordCount":1935,"commentCount":0,"publisher":{"@id":"https:\/\/esthetic.sk\/#organization"},"image":{"@id":"https:\/\/esthetic.sk\/de\/blog\/die-bekannte-aerztin-sandra-novotna-rozborilova-gibt-offen-zu-creme-glaettet-keine-falten\/#primaryimage"},"thumbnailUrl":"https:\/\/esthetic.sk\/wp-content\/uploads\/2023\/11\/dr-sandra-blog-esthetic.jpg","articleSection":["Blog"],"inLanguage":"de","potentialAction":[{"@type":"CommentAction","name":"Comment","target":["https:\/\/esthetic.sk\/de\/blog\/die-bekannte-aerztin-sandra-novotna-rozborilova-gibt-offen-zu-creme-glaettet-keine-falten\/#respond"]}]},{"@type":"WebPage","@id":"https:\/\/esthetic.sk\/de\/blog\/die-bekannte-aerztin-sandra-novotna-rozborilova-gibt-offen-zu-creme-glaettet-keine-falten\/","url":"https:\/\/esthetic.sk\/de\/blog\/die-bekannte-aerztin-sandra-novotna-rozborilova-gibt-offen-zu-creme-glaettet-keine-falten\/","name":"Die bekannte \u00c4rztin Sandra Novotn\u00e1 Rozborilov\u00e1 gibt offen zu: Creme gl\u00e4ttet keine Falten! | Esthetic Bratislava","isPartOf":{"@id":"https:\/\/esthetic.sk\/#website"},"primaryImageOfPage":{"@id":"https:\/\/esthetic.sk\/de\/blog\/die-bekannte-aerztin-sandra-novotna-rozborilova-gibt-offen-zu-creme-glaettet-keine-falten\/#primaryimage"},"image":{"@id":"https:\/\/esthetic.sk\/de\/blog\/die-bekannte-aerztin-sandra-novotna-rozborilova-gibt-offen-zu-creme-glaettet-keine-falten\/#primaryimage"},"thumbnailUrl":"https:\/\/esthetic.sk\/wp-content\/uploads\/2023\/11\/dr-sandra-blog-esthetic.jpg","datePublished":"2024-04-16T18:44:41+00:00","dateModified":"2024-04-16T18:44:41+00:00","breadcrumb":{"@id":"https:\/\/esthetic.sk\/de\/blog\/die-bekannte-aerztin-sandra-novotna-rozborilova-gibt-offen-zu-creme-glaettet-keine-falten\/#breadcrumb"},"inLanguage":"de","potentialAction":[{"@type":"ReadAction","target":["https:\/\/esthetic.sk\/de\/blog\/die-bekannte-aerztin-sandra-novotna-rozborilova-gibt-offen-zu-creme-glaettet-keine-falten\/"]}]},{"@type":"ImageObject","inLanguage":"de","@id":"https:\/\/esthetic.sk\/de\/blog\/die-bekannte-aerztin-sandra-novotna-rozborilova-gibt-offen-zu-creme-glaettet-keine-falten\/#primaryimage","url":"https:\/\/esthetic.sk\/wp-content\/uploads\/2023\/11\/dr-sandra-blog-esthetic.jpg","contentUrl":"https:\/\/esthetic.sk\/wp-content\/uploads\/2023\/11\/dr-sandra-blog-esthetic.jpg","width":1024,"height":780},{"@type":"BreadcrumbList","@id":"https:\/\/esthetic.sk\/de\/blog\/die-bekannte-aerztin-sandra-novotna-rozborilova-gibt-offen-zu-creme-glaettet-keine-falten\/#breadcrumb","itemListElement":[{"@type":"ListItem","position":1,"name":"Home","item":"https:\/\/esthetic.sk\/"},{"@type":"ListItem","position":2,"name":"Die bekannte \u00c4rztin Sandra Novotn\u00e1 Rozborilov\u00e1 gibt offen zu: Creme gl\u00e4ttet keine Falten!"}]},{"@type":"WebSite","@id":"https:\/\/esthetic.sk\/#website","url":"https:\/\/esthetic.sk\/","name":"Esthetic Bratislava","description":"R\u00fdchla cesta k dokonal\u00e9mu vz\u013eadu","publisher":{"@id":"https:\/\/esthetic.sk\/#organization"},"potentialAction":[{"@type":"SearchAction","target":{"@type":"EntryPoint","urlTemplate":"https:\/\/esthetic.sk\/?s={search_term_string}"},"query-input":{"@type":"PropertyValueSpecification","valueRequired":true,"valueName":"search_term_string"}}],"inLanguage":"de"},{"@type":"Organization","@id":"https:\/\/esthetic.sk\/#organization","name":"Esthetic .s.r.o.","url":"https:\/\/esthetic.sk\/","logo":{"@type":"ImageObject","inLanguage":"de","@id":"https:\/\/esthetic.sk\/#\/schema\/logo\/image\/","url":"https:\/\/esthetic.sk\/wp-content\/uploads\/2019\/02\/logo-1.svg","contentUrl":"https:\/\/esthetic.sk\/wp-content\/uploads\/2019\/02\/logo-1.svg","width":1,"height":1,"caption":"Esthetic .s.r.o."},"image":{"@id":"https:\/\/esthetic.sk\/#\/schema\/logo\/image\/"},"sameAs":["https:\/\/www.facebook.com\/Klinikaesthetic","https:\/\/www.instagram.com\/klinikaesthetic\/","https:\/\/www.youtube.com\/channel\/UC8AgtXNjHpne8qWdj9szu1A"]},{"@type":"Person","@id":"https:\/\/esthetic.sk\/#\/schema\/person\/345d9579357cc0db1ce9265f069e535f","name":"martin","image":{"@type":"ImageObject","inLanguage":"de","@id":"https:\/\/esthetic.sk\/#\/schema\/person\/image\/","url":"https:\/\/secure.gravatar.com\/avatar\/027b15c6c285c23386b7a2e12376d593?s=96&d=mm&r=g","contentUrl":"https:\/\/secure.gravatar.com\/avatar\/027b15c6c285c23386b7a2e12376d593?s=96&d=mm&r=g","caption":"martin"},"url":"https:\/\/esthetic.sk\/de\/author\/martin\/"}]}},"_links":{"self":[{"href":"https:\/\/esthetic.sk\/de\/wp-json\/wp\/v2\/posts\/6146"}],"collection":[{"href":"https:\/\/esthetic.sk\/de\/wp-json\/wp\/v2\/posts"}],"about":[{"href":"https:\/\/esthetic.sk\/de\/wp-json\/wp\/v2\/types\/post"}],"author":[{"embeddable":true,"href":"https:\/\/esthetic.sk\/de\/wp-json\/wp\/v2\/users\/1"}],"replies":[{"embeddable":true,"href":"https:\/\/esthetic.sk\/de\/wp-json\/wp\/v2\/comments?post=6146"}],"version-history":[{"count":0,"href":"https:\/\/esthetic.sk\/de\/wp-json\/wp\/v2\/posts\/6146\/revisions"}],"wp:featuredmedia":[{"embeddable":true,"href":"https:\/\/esthetic.sk\/de\/wp-json\/wp\/v2\/media\/5840"}],"wp:attachment":[{"href":"https:\/\/esthetic.sk\/de\/wp-json\/wp\/v2\/media?parent=6146"}],"wp:term":[{"taxonomy":"category","embeddable":true,"href":"https:\/\/esthetic.sk\/de\/wp-json\/wp\/v2\/categories?post=6146"},{"taxonomy":"post_tag","embeddable":true,"href":"https:\/\/esthetic.sk\/de\/wp-json\/wp\/v2\/tags?post=6146"}],"curies":[{"name":"wp","href":"https:\/\/api.w.org\/{rel}","templated":true}]}}