{"id":6092,"date":"2024-04-16T20:44:11","date_gmt":"2024-04-16T18:44:11","guid":{"rendered":"https:\/\/esthetic.sk\/unkategorisiert\/ich-habe-meine-kollegen-ohne-kopf-auf-der-buehne-gesehen-sagt-lubomir-paulovic-preco-siel-na-plastiku\/"},"modified":"2024-04-16T20:44:11","modified_gmt":"2024-04-16T18:44:11","slug":"ich-habe-meine-kollegen-ohne-kopf-auf-der-buehne-gesehen-sagt-lubomir-paulovic-preco-siel-na-plastiku","status":"publish","type":"post","link":"https:\/\/esthetic.sk\/de\/blog\/ich-habe-meine-kollegen-ohne-kopf-auf-der-buehne-gesehen-sagt-lubomir-paulovic-preco-siel-na-plastiku\/","title":{"rendered":"Ich habe meine Kollegen ohne Kopf auf der B\u00fchne gesehen, sagt \u013dubom\u00edr Paulovi\u010d. Pre\u010do \u0161iel na plastiku?"},"content":{"rendered":"\u013dubom\u00edr Paulovi\u010d, ein Mitglied des Slowakischen Nationaltheaters, landete vor einigen Tagen im Operationssaal. Er ist nicht in die Fu\u00dfstapfen einiger slowakischer Models getreten, die sich aus dem Schmelztiegel heraus &#8222;versch\u00f6nern&#8220;. Er hatte einen ganz prosaischen Grund daf\u00fcr. &#8222;Es war aus der Not heraus &#8211; um der besseren Sicht willen. Meine oberen Augenlider bedeckten bereits mehr als die H\u00e4lfte meiner Augen. Mehr und mehr musste ich sie mit meinen Augenbrauenmuskeln anheben, um das gesamte Visier zu erreichen. Abends tun mir oft die Stirn, die Augen und manchmal sogar der Kopf weh&#8220;, erz\u00e4hlt sie PLUS 7 DAYS.<br>\n  Aber auch auf der Theaterb\u00fchne hat er seit geraumer Zeit mit Problemen zu k\u00e4mpfen. &#8222;Ab und zu habe ich meine Partner auf der B\u00fchne nur von der Brust abw\u00e4rts gesehen, als ob ich eine Kappe mit einem Schild aus meiner eigenen Haut trage&#8220;, l\u00e4chelt er.<\/p>\n<p style=\"text-align: justify;\">\n\t<strong>Angst und Krankenschwester Betka  <\/strong><br>\n  Er hat seine Augenlider, wie der K\u00fcnstler sie nennt, von seinen Gro\u00dfeltern und seiner Mutter geerbt. Doch im Laufe der Jahre wurde seine &#8222;Formation&#8220; immer gr\u00f6\u00dfer. Eine Augenlidoperation war eine akute L\u00f6sung. Paulovic macht keinen Hehl daraus, dass ihm das vor der Intervention egal war. &#8222;Ich werde kein Macho sein. Nat\u00fcrlich hatte ich Angst, obwohl ich schon vier Operationen oder Skalpell-Termine hatte, und die waren etwas ernster&#8230; Jetzt war ich relativ ruhig, auch dank des Wissens, dass ich unter dem Skalpell in den H\u00e4nden der gro\u00dfartigen plastischen Chirurgin Katka Simonova lag&#8220;, erkl\u00e4rt er. Er hatte keine Angst vor ihrem Fehlverhalten, sondern vor den postoperativen Schmerzen. Seine \u00c4ngste verlie\u00dfen ihn sofort nach der dreiviertelst\u00fcndigen Prozedur, als er von &#8222;den netten Damen in Wei\u00df&#8220; zu den Toiletten begleitet wurde.<br>\n  &#8222;Ich habe dort die ganze Nacht unter der Aufsicht von Krankenschwester Betka verbracht und am Morgen bin ich mit dem Auto nach Hause gefahren&#8220;, freut er sich. Zus\u00e4tzlich zu diesem Eingriff lie\u00df der Schauspieler auch einige Hautwucherungen und Lentigines entfernen, was von seinem Dermatologen zur Vorbeugung von Hautkrebs empfohlen wurde.<\/p>\n<p>\n  Quelle: Plus 7 Days\/Karol Bustin Jr., 5. Januar 2014<br>\n  Link: <a href=\"http:\/\/www.pluska.sk\/plus-7-dni\/ludia\/kolegov-javisku-som-videl-bez-hlav-vravi-lubomir-paulovic-preco-siel-plastiku.html\" rel=\"nofollow noopener\" target=\"_blank\">http:\/\/www.pluska.sk\/plus-7-dni\/ludia\/kolegov-javisku-som-videl-bez-hlav-vravi-lubomir-paulovic-preco-siel-plastiku.html<\/a><\/p>","protected":false},"excerpt":{"rendered":"\u013dubom\u00edr Paulovi\u010d, ein Mitglied des Slowakischen Nationaltheaters, landete vor einigen Tagen im Operationssaal. Er ist nicht in die Fu\u00dfstapfen einiger slowakischer Models getreten, die sich aus dem Schmelztiegel heraus &#8222;versch\u00f6nern&#8220;. Er hatte einen ganz prosaischen Grund daf\u00fcr. &#8222;Es war aus der Not heraus &#8211; um der besseren Sicht willen. Meine oberen Augenlider bedeckten bereits mehr","protected":false},"author":1,"featured_media":5310,"comment_status":"open","ping_status":"open","sticky":false,"template":"","format":"standard","meta":{"inline_featured_image":false,"footnotes":""},"categories":[46],"tags":[],"class_list":["post-6092","post","type-post","status-publish","format-standard","has-post-thumbnail","hentry","category-blog"],"yoast_head":"<!-- This site is optimized with the Yoast SEO plugin v23.7 - https:\/\/yoast.com\/wordpress\/plugins\/seo\/ -->\n<title>Ich habe meine Kollegen ohne Kopf auf der B\u00fchne gesehen, sagt \u013dubom\u00edr Paulovi\u010d. Pre\u010do \u0161iel na plastiku? | Esthetic Bratislava<\/title>\n<meta name=\"robots\" content=\"index, follow, max-snippet:-1, max-image-preview:large, max-video-preview:-1\" \/>\n<link rel=\"canonical\" href=\"https:\/\/esthetic.sk\/de\/blog\/ich-habe-meine-kollegen-ohne-kopf-auf-der-buehne-gesehen-sagt-lubomir-paulovic-preco-siel-na-plastiku\/\" \/>\n<meta property=\"og:locale\" content=\"de_DE\" \/>\n<meta property=\"og:type\" content=\"article\" \/>\n<meta property=\"og:title\" content=\"Ich habe meine Kollegen ohne Kopf auf der B\u00fchne gesehen, sagt \u013dubom\u00edr Paulovi\u010d. Pre\u010do \u0161iel na plastiku? | Esthetic Bratislava\" \/>\n<meta property=\"og:description\" content=\"\u013dubom\u00edr Paulovi\u010d, ein Mitglied des Slowakischen Nationaltheaters, landete vor einigen Tagen im Operationssaal. Er ist nicht in die Fu\u00dfstapfen einiger slowakischer Models getreten, die sich aus dem Schmelztiegel heraus &#8222;versch\u00f6nern&#8220;. Er hatte einen ganz prosaischen Grund daf\u00fcr. &#8222;Es war aus der Not heraus &#8211; um der besseren Sicht willen. Meine oberen Augenlider bedeckten bereits mehr\" \/>\n<meta property=\"og:url\" content=\"https:\/\/esthetic.sk\/de\/blog\/ich-habe-meine-kollegen-ohne-kopf-auf-der-buehne-gesehen-sagt-lubomir-paulovic-preco-siel-na-plastiku\/\" \/>\n<meta property=\"og:site_name\" content=\"Esthetic Bratislava\" \/>\n<meta property=\"article:publisher\" content=\"https:\/\/www.facebook.com\/Klinikaesthetic\" \/>\n<meta property=\"article:published_time\" content=\"2024-04-16T18:44:11+00:00\" \/>\n<meta name=\"author\" content=\"martin\" \/>\n<meta name=\"twitter:card\" content=\"summary_large_image\" \/>\n<meta name=\"twitter:label1\" content=\"Verfasst von\" \/>\n\t<meta name=\"twitter:data1\" content=\"martin\" \/>\n\t<meta name=\"twitter:label2\" content=\"Gesch\u00e4tzte Lesezeit\" \/>\n\t<meta name=\"twitter:data2\" content=\"2\u00a0Minuten\" \/>\n<script type=\"application\/ld+json\" class=\"yoast-schema-graph\">{\"@context\":\"https:\/\/schema.org\",\"@graph\":[{\"@type\":\"Article\",\"@id\":\"https:\/\/esthetic.sk\/de\/blog\/ich-habe-meine-kollegen-ohne-kopf-auf-der-buehne-gesehen-sagt-lubomir-paulovic-preco-siel-na-plastiku\/#article\",\"isPartOf\":{\"@id\":\"https:\/\/esthetic.sk\/de\/blog\/ich-habe-meine-kollegen-ohne-kopf-auf-der-buehne-gesehen-sagt-lubomir-paulovic-preco-siel-na-plastiku\/\"},\"author\":{\"name\":\"martin\",\"@id\":\"https:\/\/esthetic.sk\/#\/schema\/person\/345d9579357cc0db1ce9265f069e535f\"},\"headline\":\"Ich habe meine Kollegen ohne Kopf auf der B\u00fchne gesehen, sagt \u013dubom\u00edr Paulovi\u010d. Pre\u010do \u0161iel na plastiku?\",\"datePublished\":\"2024-04-16T18:44:11+00:00\",\"dateModified\":\"2024-04-16T18:44:11+00:00\",\"mainEntityOfPage\":{\"@id\":\"https:\/\/esthetic.sk\/de\/blog\/ich-habe-meine-kollegen-ohne-kopf-auf-der-buehne-gesehen-sagt-lubomir-paulovic-preco-siel-na-plastiku\/\"},\"wordCount\":379,\"commentCount\":0,\"publisher\":{\"@id\":\"https:\/\/esthetic.sk\/#organization\"},\"image\":{\"@id\":\"https:\/\/esthetic.sk\/de\/blog\/ich-habe-meine-kollegen-ohne-kopf-auf-der-buehne-gesehen-sagt-lubomir-paulovic-preco-siel-na-plastiku\/#primaryimage\"},\"thumbnailUrl\":\"https:\/\/esthetic.sk\/wp-content\/uploads\/2019\/02\/img.jpg\",\"articleSection\":[\"Blog\"],\"inLanguage\":\"de\",\"potentialAction\":[{\"@type\":\"CommentAction\",\"name\":\"Comment\",\"target\":[\"https:\/\/esthetic.sk\/de\/blog\/ich-habe-meine-kollegen-ohne-kopf-auf-der-buehne-gesehen-sagt-lubomir-paulovic-preco-siel-na-plastiku\/#respond\"]}]},{\"@type\":\"WebPage\",\"@id\":\"https:\/\/esthetic.sk\/de\/blog\/ich-habe-meine-kollegen-ohne-kopf-auf-der-buehne-gesehen-sagt-lubomir-paulovic-preco-siel-na-plastiku\/\",\"url\":\"https:\/\/esthetic.sk\/de\/blog\/ich-habe-meine-kollegen-ohne-kopf-auf-der-buehne-gesehen-sagt-lubomir-paulovic-preco-siel-na-plastiku\/\",\"name\":\"Ich habe meine Kollegen ohne Kopf auf der B\u00fchne gesehen, sagt \u013dubom\u00edr Paulovi\u010d. Pre\u010do \u0161iel na plastiku? | Esthetic Bratislava\",\"isPartOf\":{\"@id\":\"https:\/\/esthetic.sk\/#website\"},\"primaryImageOfPage\":{\"@id\":\"https:\/\/esthetic.sk\/de\/blog\/ich-habe-meine-kollegen-ohne-kopf-auf-der-buehne-gesehen-sagt-lubomir-paulovic-preco-siel-na-plastiku\/#primaryimage\"},\"image\":{\"@id\":\"https:\/\/esthetic.sk\/de\/blog\/ich-habe-meine-kollegen-ohne-kopf-auf-der-buehne-gesehen-sagt-lubomir-paulovic-preco-siel-na-plastiku\/#primaryimage\"},\"thumbnailUrl\":\"https:\/\/esthetic.sk\/wp-content\/uploads\/2019\/02\/img.jpg\",\"datePublished\":\"2024-04-16T18:44:11+00:00\",\"dateModified\":\"2024-04-16T18:44:11+00:00\",\"breadcrumb\":{\"@id\":\"https:\/\/esthetic.sk\/de\/blog\/ich-habe-meine-kollegen-ohne-kopf-auf-der-buehne-gesehen-sagt-lubomir-paulovic-preco-siel-na-plastiku\/#breadcrumb\"},\"inLanguage\":\"de\",\"potentialAction\":[{\"@type\":\"ReadAction\",\"target\":[\"https:\/\/esthetic.sk\/de\/blog\/ich-habe-meine-kollegen-ohne-kopf-auf-der-buehne-gesehen-sagt-lubomir-paulovic-preco-siel-na-plastiku\/\"]}]},{\"@type\":\"ImageObject\",\"inLanguage\":\"de\",\"@id\":\"https:\/\/esthetic.sk\/de\/blog\/ich-habe-meine-kollegen-ohne-kopf-auf-der-buehne-gesehen-sagt-lubomir-paulovic-preco-siel-na-plastiku\/#primaryimage\",\"url\":\"https:\/\/esthetic.sk\/wp-content\/uploads\/2019\/02\/img.jpg\",\"contentUrl\":\"https:\/\/esthetic.sk\/wp-content\/uploads\/2019\/02\/img.jpg\",\"width\":2200,\"height\":1120},{\"@type\":\"BreadcrumbList\",\"@id\":\"https:\/\/esthetic.sk\/de\/blog\/ich-habe-meine-kollegen-ohne-kopf-auf-der-buehne-gesehen-sagt-lubomir-paulovic-preco-siel-na-plastiku\/#breadcrumb\",\"itemListElement\":[{\"@type\":\"ListItem\",\"position\":1,\"name\":\"Home\",\"item\":\"https:\/\/esthetic.sk\/\"},{\"@type\":\"ListItem\",\"position\":2,\"name\":\"Ich habe meine Kollegen ohne Kopf auf der B\u00fchne gesehen, sagt \u013dubom\u00edr Paulovi\u010d. Pre\u010do \u0161iel na plastiku?\"}]},{\"@type\":\"WebSite\",\"@id\":\"https:\/\/esthetic.sk\/#website\",\"url\":\"https:\/\/esthetic.sk\/\",\"name\":\"Esthetic Bratislava\",\"description\":\"R\u00fdchla cesta k dokonal\u00e9mu vz\u013eadu\",\"publisher\":{\"@id\":\"https:\/\/esthetic.sk\/#organization\"},\"potentialAction\":[{\"@type\":\"SearchAction\",\"target\":{\"@type\":\"EntryPoint\",\"urlTemplate\":\"https:\/\/esthetic.sk\/?s={search_term_string}\"},\"query-input\":{\"@type\":\"PropertyValueSpecification\",\"valueRequired\":true,\"valueName\":\"search_term_string\"}}],\"inLanguage\":\"de\"},{\"@type\":\"Organization\",\"@id\":\"https:\/\/esthetic.sk\/#organization\",\"name\":\"Esthetic .s.r.o.\",\"url\":\"https:\/\/esthetic.sk\/\",\"logo\":{\"@type\":\"ImageObject\",\"inLanguage\":\"de\",\"@id\":\"https:\/\/esthetic.sk\/#\/schema\/logo\/image\/\",\"url\":\"https:\/\/esthetic.sk\/wp-content\/uploads\/2019\/02\/logo-1.svg\",\"contentUrl\":\"https:\/\/esthetic.sk\/wp-content\/uploads\/2019\/02\/logo-1.svg\",\"width\":1,\"height\":1,\"caption\":\"Esthetic .s.r.o.\"},\"image\":{\"@id\":\"https:\/\/esthetic.sk\/#\/schema\/logo\/image\/\"},\"sameAs\":[\"https:\/\/www.facebook.com\/Klinikaesthetic\",\"https:\/\/www.instagram.com\/klinikaesthetic\/\",\"https:\/\/www.youtube.com\/channel\/UC8AgtXNjHpne8qWdj9szu1A\"]},{\"@type\":\"Person\",\"@id\":\"https:\/\/esthetic.sk\/#\/schema\/person\/345d9579357cc0db1ce9265f069e535f\",\"name\":\"martin\",\"image\":{\"@type\":\"ImageObject\",\"inLanguage\":\"de\",\"@id\":\"https:\/\/esthetic.sk\/#\/schema\/person\/image\/\",\"url\":\"https:\/\/secure.gravatar.com\/avatar\/027b15c6c285c23386b7a2e12376d593?s=96&d=mm&r=g\",\"contentUrl\":\"https:\/\/secure.gravatar.com\/avatar\/027b15c6c285c23386b7a2e12376d593?s=96&d=mm&r=g\",\"caption\":\"martin\"},\"url\":\"https:\/\/esthetic.sk\/de\/author\/martin\/\"}]}<\/script>\n<!-- \/ Yoast SEO plugin. -->","yoast_head_json":{"title":"Ich habe meine Kollegen ohne Kopf auf der B\u00fchne gesehen, sagt \u013dubom\u00edr Paulovi\u010d. Pre\u010do \u0161iel na plastiku? | Esthetic Bratislava","robots":{"index":"index","follow":"follow","max-snippet":"max-snippet:-1","max-image-preview":"max-image-preview:large","max-video-preview":"max-video-preview:-1"},"canonical":"https:\/\/esthetic.sk\/de\/blog\/ich-habe-meine-kollegen-ohne-kopf-auf-der-buehne-gesehen-sagt-lubomir-paulovic-preco-siel-na-plastiku\/","og_locale":"de_DE","og_type":"article","og_title":"Ich habe meine Kollegen ohne Kopf auf der B\u00fchne gesehen, sagt \u013dubom\u00edr Paulovi\u010d. Pre\u010do \u0161iel na plastiku? | Esthetic Bratislava","og_description":"\u013dubom\u00edr Paulovi\u010d, ein Mitglied des Slowakischen Nationaltheaters, landete vor einigen Tagen im Operationssaal. Er ist nicht in die Fu\u00dfstapfen einiger slowakischer Models getreten, die sich aus dem Schmelztiegel heraus &#8222;versch\u00f6nern&#8220;. Er hatte einen ganz prosaischen Grund daf\u00fcr. &#8222;Es war aus der Not heraus &#8211; um der besseren Sicht willen. Meine oberen Augenlider bedeckten bereits mehr","og_url":"https:\/\/esthetic.sk\/de\/blog\/ich-habe-meine-kollegen-ohne-kopf-auf-der-buehne-gesehen-sagt-lubomir-paulovic-preco-siel-na-plastiku\/","og_site_name":"Esthetic Bratislava","article_publisher":"https:\/\/www.facebook.com\/Klinikaesthetic","article_published_time":"2024-04-16T18:44:11+00:00","author":"martin","twitter_card":"summary_large_image","twitter_misc":{"Verfasst von":"martin","Gesch\u00e4tzte Lesezeit":"2\u00a0Minuten"},"schema":{"@context":"https:\/\/schema.org","@graph":[{"@type":"Article","@id":"https:\/\/esthetic.sk\/de\/blog\/ich-habe-meine-kollegen-ohne-kopf-auf-der-buehne-gesehen-sagt-lubomir-paulovic-preco-siel-na-plastiku\/#article","isPartOf":{"@id":"https:\/\/esthetic.sk\/de\/blog\/ich-habe-meine-kollegen-ohne-kopf-auf-der-buehne-gesehen-sagt-lubomir-paulovic-preco-siel-na-plastiku\/"},"author":{"name":"martin","@id":"https:\/\/esthetic.sk\/#\/schema\/person\/345d9579357cc0db1ce9265f069e535f"},"headline":"Ich habe meine Kollegen ohne Kopf auf der B\u00fchne gesehen, sagt \u013dubom\u00edr Paulovi\u010d. Pre\u010do \u0161iel na plastiku?","datePublished":"2024-04-16T18:44:11+00:00","dateModified":"2024-04-16T18:44:11+00:00","mainEntityOfPage":{"@id":"https:\/\/esthetic.sk\/de\/blog\/ich-habe-meine-kollegen-ohne-kopf-auf-der-buehne-gesehen-sagt-lubomir-paulovic-preco-siel-na-plastiku\/"},"wordCount":379,"commentCount":0,"publisher":{"@id":"https:\/\/esthetic.sk\/#organization"},"image":{"@id":"https:\/\/esthetic.sk\/de\/blog\/ich-habe-meine-kollegen-ohne-kopf-auf-der-buehne-gesehen-sagt-lubomir-paulovic-preco-siel-na-plastiku\/#primaryimage"},"thumbnailUrl":"https:\/\/esthetic.sk\/wp-content\/uploads\/2019\/02\/img.jpg","articleSection":["Blog"],"inLanguage":"de","potentialAction":[{"@type":"CommentAction","name":"Comment","target":["https:\/\/esthetic.sk\/de\/blog\/ich-habe-meine-kollegen-ohne-kopf-auf-der-buehne-gesehen-sagt-lubomir-paulovic-preco-siel-na-plastiku\/#respond"]}]},{"@type":"WebPage","@id":"https:\/\/esthetic.sk\/de\/blog\/ich-habe-meine-kollegen-ohne-kopf-auf-der-buehne-gesehen-sagt-lubomir-paulovic-preco-siel-na-plastiku\/","url":"https:\/\/esthetic.sk\/de\/blog\/ich-habe-meine-kollegen-ohne-kopf-auf-der-buehne-gesehen-sagt-lubomir-paulovic-preco-siel-na-plastiku\/","name":"Ich habe meine Kollegen ohne Kopf auf der B\u00fchne gesehen, sagt \u013dubom\u00edr Paulovi\u010d. Pre\u010do \u0161iel na plastiku? | Esthetic Bratislava","isPartOf":{"@id":"https:\/\/esthetic.sk\/#website"},"primaryImageOfPage":{"@id":"https:\/\/esthetic.sk\/de\/blog\/ich-habe-meine-kollegen-ohne-kopf-auf-der-buehne-gesehen-sagt-lubomir-paulovic-preco-siel-na-plastiku\/#primaryimage"},"image":{"@id":"https:\/\/esthetic.sk\/de\/blog\/ich-habe-meine-kollegen-ohne-kopf-auf-der-buehne-gesehen-sagt-lubomir-paulovic-preco-siel-na-plastiku\/#primaryimage"},"thumbnailUrl":"https:\/\/esthetic.sk\/wp-content\/uploads\/2019\/02\/img.jpg","datePublished":"2024-04-16T18:44:11+00:00","dateModified":"2024-04-16T18:44:11+00:00","breadcrumb":{"@id":"https:\/\/esthetic.sk\/de\/blog\/ich-habe-meine-kollegen-ohne-kopf-auf-der-buehne-gesehen-sagt-lubomir-paulovic-preco-siel-na-plastiku\/#breadcrumb"},"inLanguage":"de","potentialAction":[{"@type":"ReadAction","target":["https:\/\/esthetic.sk\/de\/blog\/ich-habe-meine-kollegen-ohne-kopf-auf-der-buehne-gesehen-sagt-lubomir-paulovic-preco-siel-na-plastiku\/"]}]},{"@type":"ImageObject","inLanguage":"de","@id":"https:\/\/esthetic.sk\/de\/blog\/ich-habe-meine-kollegen-ohne-kopf-auf-der-buehne-gesehen-sagt-lubomir-paulovic-preco-siel-na-plastiku\/#primaryimage","url":"https:\/\/esthetic.sk\/wp-content\/uploads\/2019\/02\/img.jpg","contentUrl":"https:\/\/esthetic.sk\/wp-content\/uploads\/2019\/02\/img.jpg","width":2200,"height":1120},{"@type":"BreadcrumbList","@id":"https:\/\/esthetic.sk\/de\/blog\/ich-habe-meine-kollegen-ohne-kopf-auf-der-buehne-gesehen-sagt-lubomir-paulovic-preco-siel-na-plastiku\/#breadcrumb","itemListElement":[{"@type":"ListItem","position":1,"name":"Home","item":"https:\/\/esthetic.sk\/"},{"@type":"ListItem","position":2,"name":"Ich habe meine Kollegen ohne Kopf auf der B\u00fchne gesehen, sagt \u013dubom\u00edr Paulovi\u010d. Pre\u010do \u0161iel na plastiku?"}]},{"@type":"WebSite","@id":"https:\/\/esthetic.sk\/#website","url":"https:\/\/esthetic.sk\/","name":"Esthetic Bratislava","description":"R\u00fdchla cesta k dokonal\u00e9mu vz\u013eadu","publisher":{"@id":"https:\/\/esthetic.sk\/#organization"},"potentialAction":[{"@type":"SearchAction","target":{"@type":"EntryPoint","urlTemplate":"https:\/\/esthetic.sk\/?s={search_term_string}"},"query-input":{"@type":"PropertyValueSpecification","valueRequired":true,"valueName":"search_term_string"}}],"inLanguage":"de"},{"@type":"Organization","@id":"https:\/\/esthetic.sk\/#organization","name":"Esthetic .s.r.o.","url":"https:\/\/esthetic.sk\/","logo":{"@type":"ImageObject","inLanguage":"de","@id":"https:\/\/esthetic.sk\/#\/schema\/logo\/image\/","url":"https:\/\/esthetic.sk\/wp-content\/uploads\/2019\/02\/logo-1.svg","contentUrl":"https:\/\/esthetic.sk\/wp-content\/uploads\/2019\/02\/logo-1.svg","width":1,"height":1,"caption":"Esthetic .s.r.o."},"image":{"@id":"https:\/\/esthetic.sk\/#\/schema\/logo\/image\/"},"sameAs":["https:\/\/www.facebook.com\/Klinikaesthetic","https:\/\/www.instagram.com\/klinikaesthetic\/","https:\/\/www.youtube.com\/channel\/UC8AgtXNjHpne8qWdj9szu1A"]},{"@type":"Person","@id":"https:\/\/esthetic.sk\/#\/schema\/person\/345d9579357cc0db1ce9265f069e535f","name":"martin","image":{"@type":"ImageObject","inLanguage":"de","@id":"https:\/\/esthetic.sk\/#\/schema\/person\/image\/","url":"https:\/\/secure.gravatar.com\/avatar\/027b15c6c285c23386b7a2e12376d593?s=96&d=mm&r=g","contentUrl":"https:\/\/secure.gravatar.com\/avatar\/027b15c6c285c23386b7a2e12376d593?s=96&d=mm&r=g","caption":"martin"},"url":"https:\/\/esthetic.sk\/de\/author\/martin\/"}]}},"_links":{"self":[{"href":"https:\/\/esthetic.sk\/de\/wp-json\/wp\/v2\/posts\/6092"}],"collection":[{"href":"https:\/\/esthetic.sk\/de\/wp-json\/wp\/v2\/posts"}],"about":[{"href":"https:\/\/esthetic.sk\/de\/wp-json\/wp\/v2\/types\/post"}],"author":[{"embeddable":true,"href":"https:\/\/esthetic.sk\/de\/wp-json\/wp\/v2\/users\/1"}],"replies":[{"embeddable":true,"href":"https:\/\/esthetic.sk\/de\/wp-json\/wp\/v2\/comments?post=6092"}],"version-history":[{"count":0,"href":"https:\/\/esthetic.sk\/de\/wp-json\/wp\/v2\/posts\/6092\/revisions"}],"wp:featuredmedia":[{"embeddable":true,"href":"https:\/\/esthetic.sk\/de\/wp-json\/wp\/v2\/media\/5310"}],"wp:attachment":[{"href":"https:\/\/esthetic.sk\/de\/wp-json\/wp\/v2\/media?parent=6092"}],"wp:term":[{"taxonomy":"category","embeddable":true,"href":"https:\/\/esthetic.sk\/de\/wp-json\/wp\/v2\/categories?post=6092"},{"taxonomy":"post_tag","embeddable":true,"href":"https:\/\/esthetic.sk\/de\/wp-json\/wp\/v2\/tags?post=6092"}],"curies":[{"name":"wp","href":"https:\/\/api.w.org\/{rel}","templated":true}]}}