{"id":6056,"date":"2024-04-16T20:43:45","date_gmt":"2024-04-16T18:43:45","guid":{"rendered":"https:\/\/esthetic.sk\/unkategorisiert\/laser-eingriffe\/"},"modified":"2024-04-16T20:43:45","modified_gmt":"2024-04-16T18:43:45","slug":"laser-eingriffe","status":"publish","type":"post","link":"https:\/\/esthetic.sk\/de\/aktionen\/laser-eingriffe\/","title":{"rendered":"LASER-EINGRIFFE"},"content":{"rendered":"Herbst &#8211; die Zeit der Laserbehandlungen.\n\nAlle unsere Kunden, die von <a href=\"https:\/\/esthetic.sk\/laserova-medicina\/laserova-medicina\/jazvy-po-akne-a-vrasky\/\">Akne<\/a>, <a href=\"https:\/\/esthetic.sk\/laserova-medicina\/znamienka-vrasky\/ipl-odstranenie-pigmentacii-a-skvrn\/\">Pigmentierung<\/a>, <a href=\"https:\/\/esthetic.sk\/laserova-medicina\/laserova-medicina\/jazvy-po-akne-a-vrasky\/\">Falten<\/a>, <a href=\"https:\/\/esthetic.sk\/laserova-medicina\/laserova-medicina\/laserova-epilacia-lightsheer-lumenis\/\">unerw\u00fcnschten Haaren<\/a> oder <a href=\"https:\/\/esthetic.sk\/laserova-medicina\/znamienka-vrasky\/resurfx-frakcny-laser\/\">Dehnungsstreifen<\/a> geplagt sind, k\u00f6nnen einen Termin f\u00fcr eine Laserbehandlung vereinbaren.\n\nDas vollst\u00e4ndige Angebot finden Sie auf unserer Website. F\u00fcr aktuelle Sonderangebote wenden Sie sich bitte an die Rezeption &#8211; 0905 244577.","protected":false},"excerpt":{"rendered":"Herbst &#8211; die Zeit der Laserbehandlungen. Alle unsere Kunden, die von Akne, Pigmentierung, Falten, unerw\u00fcnschten Haaren oder Dehnungsstreifen geplagt sind, k\u00f6nnen einen Termin f\u00fcr eine Laserbehandlung vereinbaren. Das vollst\u00e4ndige Angebot finden Sie auf unserer Website. F\u00fcr aktuelle Sonderangebote wenden Sie sich bitte an die Rezeption &#8211; 0905 244577.","protected":false},"author":1,"featured_media":0,"comment_status":"open","ping_status":"open","sticky":false,"template":"","format":"standard","meta":{"inline_featured_image":false,"footnotes":""},"categories":[50],"tags":[],"class_list":["post-6056","post","type-post","status-publish","format-standard","hentry","category-aktionen"],"yoast_head":"<!-- This site is optimized with the Yoast SEO plugin v23.7 - https:\/\/yoast.com\/wordpress\/plugins\/seo\/ -->\n<title>| Epilation | Akne | Dehnungsstreifen | Esthetic Bratislava<\/title>\n<meta name=\"description\" content=\"Laserbehandlungen stehen allen unseren Kundinnen zur Verf\u00fcgung, die von Akne, Pigmentierung, Falten, unerw\u00fcnschten Haaren oder Dehnungsstreifen geplagt sind. Vereinbaren Sie einen Termin f\u00fcr eine Laserbehandlung.\" \/>\n<meta name=\"robots\" content=\"index, follow, max-snippet:-1, max-image-preview:large, max-video-preview:-1\" \/>\n<link rel=\"canonical\" href=\"https:\/\/esthetic.sk\/de\/aktionen\/laser-eingriffe\/\" \/>\n<meta property=\"og:locale\" content=\"de_DE\" \/>\n<meta property=\"og:type\" content=\"article\" \/>\n<meta property=\"og:title\" content=\"| Epilation | Akne | Dehnungsstreifen | Esthetic Bratislava\" \/>\n<meta property=\"og:description\" content=\"Laserbehandlungen stehen allen unseren Kundinnen zur Verf\u00fcgung, die von Akne, Pigmentierung, Falten, unerw\u00fcnschten Haaren oder Dehnungsstreifen geplagt sind. Vereinbaren Sie einen Termin f\u00fcr eine Laserbehandlung.\" \/>\n<meta property=\"og:url\" content=\"https:\/\/esthetic.sk\/de\/aktionen\/laser-eingriffe\/\" \/>\n<meta property=\"og:site_name\" content=\"Esthetic Bratislava\" \/>\n<meta property=\"article:publisher\" content=\"https:\/\/www.facebook.com\/Klinikaesthetic\" \/>\n<meta property=\"article:published_time\" content=\"2024-04-16T18:43:45+00:00\" \/>\n<meta name=\"author\" content=\"martin\" \/>\n<meta name=\"twitter:card\" content=\"summary_large_image\" \/>\n<meta name=\"twitter:label1\" content=\"Verfasst von\" \/>\n\t<meta name=\"twitter:data1\" content=\"martin\" \/>\n<script type=\"application\/ld+json\" class=\"yoast-schema-graph\">{\"@context\":\"https:\/\/schema.org\",\"@graph\":[{\"@type\":\"Article\",\"@id\":\"https:\/\/esthetic.sk\/de\/aktionen\/laser-eingriffe\/#article\",\"isPartOf\":{\"@id\":\"https:\/\/esthetic.sk\/de\/aktionen\/laser-eingriffe\/\"},\"author\":{\"name\":\"martin\",\"@id\":\"https:\/\/esthetic.sk\/#\/schema\/person\/345d9579357cc0db1ce9265f069e535f\"},\"headline\":\"LASER-EINGRIFFE\",\"datePublished\":\"2024-04-16T18:43:45+00:00\",\"dateModified\":\"2024-04-16T18:43:45+00:00\",\"mainEntityOfPage\":{\"@id\":\"https:\/\/esthetic.sk\/de\/aktionen\/laser-eingriffe\/\"},\"wordCount\":52,\"commentCount\":0,\"publisher\":{\"@id\":\"https:\/\/esthetic.sk\/#organization\"},\"articleSection\":[\"Aktionen\"],\"inLanguage\":\"de\",\"potentialAction\":[{\"@type\":\"CommentAction\",\"name\":\"Comment\",\"target\":[\"https:\/\/esthetic.sk\/de\/aktionen\/laser-eingriffe\/#respond\"]}]},{\"@type\":\"WebPage\",\"@id\":\"https:\/\/esthetic.sk\/de\/aktionen\/laser-eingriffe\/\",\"url\":\"https:\/\/esthetic.sk\/de\/aktionen\/laser-eingriffe\/\",\"name\":\"| Epilation | Akne | Dehnungsstreifen | Esthetic Bratislava\",\"isPartOf\":{\"@id\":\"https:\/\/esthetic.sk\/#website\"},\"datePublished\":\"2024-04-16T18:43:45+00:00\",\"dateModified\":\"2024-04-16T18:43:45+00:00\",\"description\":\"Laserbehandlungen stehen allen unseren Kundinnen zur Verf\u00fcgung, die von Akne, Pigmentierung, Falten, unerw\u00fcnschten Haaren oder Dehnungsstreifen geplagt sind. Vereinbaren Sie einen Termin f\u00fcr eine Laserbehandlung.\",\"breadcrumb\":{\"@id\":\"https:\/\/esthetic.sk\/de\/aktionen\/laser-eingriffe\/#breadcrumb\"},\"inLanguage\":\"de\",\"potentialAction\":[{\"@type\":\"ReadAction\",\"target\":[\"https:\/\/esthetic.sk\/de\/aktionen\/laser-eingriffe\/\"]}]},{\"@type\":\"BreadcrumbList\",\"@id\":\"https:\/\/esthetic.sk\/de\/aktionen\/laser-eingriffe\/#breadcrumb\",\"itemListElement\":[{\"@type\":\"ListItem\",\"position\":1,\"name\":\"Home\",\"item\":\"https:\/\/esthetic.sk\/\"},{\"@type\":\"ListItem\",\"position\":2,\"name\":\"LASER-EINGRIFFE\"}]},{\"@type\":\"WebSite\",\"@id\":\"https:\/\/esthetic.sk\/#website\",\"url\":\"https:\/\/esthetic.sk\/\",\"name\":\"Esthetic Bratislava\",\"description\":\"R\u00fdchla cesta k dokonal\u00e9mu vz\u013eadu\",\"publisher\":{\"@id\":\"https:\/\/esthetic.sk\/#organization\"},\"potentialAction\":[{\"@type\":\"SearchAction\",\"target\":{\"@type\":\"EntryPoint\",\"urlTemplate\":\"https:\/\/esthetic.sk\/?s={search_term_string}\"},\"query-input\":{\"@type\":\"PropertyValueSpecification\",\"valueRequired\":true,\"valueName\":\"search_term_string\"}}],\"inLanguage\":\"de\"},{\"@type\":\"Organization\",\"@id\":\"https:\/\/esthetic.sk\/#organization\",\"name\":\"Esthetic .s.r.o.\",\"url\":\"https:\/\/esthetic.sk\/\",\"logo\":{\"@type\":\"ImageObject\",\"inLanguage\":\"de\",\"@id\":\"https:\/\/esthetic.sk\/#\/schema\/logo\/image\/\",\"url\":\"https:\/\/esthetic.sk\/wp-content\/uploads\/2019\/02\/logo-1.svg\",\"contentUrl\":\"https:\/\/esthetic.sk\/wp-content\/uploads\/2019\/02\/logo-1.svg\",\"width\":1,\"height\":1,\"caption\":\"Esthetic .s.r.o.\"},\"image\":{\"@id\":\"https:\/\/esthetic.sk\/#\/schema\/logo\/image\/\"},\"sameAs\":[\"https:\/\/www.facebook.com\/Klinikaesthetic\",\"https:\/\/www.instagram.com\/klinikaesthetic\/\",\"https:\/\/www.youtube.com\/channel\/UC8AgtXNjHpne8qWdj9szu1A\"]},{\"@type\":\"Person\",\"@id\":\"https:\/\/esthetic.sk\/#\/schema\/person\/345d9579357cc0db1ce9265f069e535f\",\"name\":\"martin\",\"image\":{\"@type\":\"ImageObject\",\"inLanguage\":\"de\",\"@id\":\"https:\/\/esthetic.sk\/#\/schema\/person\/image\/\",\"url\":\"https:\/\/secure.gravatar.com\/avatar\/027b15c6c285c23386b7a2e12376d593?s=96&d=mm&r=g\",\"contentUrl\":\"https:\/\/secure.gravatar.com\/avatar\/027b15c6c285c23386b7a2e12376d593?s=96&d=mm&r=g\",\"caption\":\"martin\"},\"url\":\"https:\/\/esthetic.sk\/de\/author\/martin\/\"}]}<\/script>\n<!-- \/ Yoast SEO plugin. -->","yoast_head_json":{"title":"| Epilation | Akne | Dehnungsstreifen | Esthetic Bratislava","description":"Laserbehandlungen stehen allen unseren Kundinnen zur Verf\u00fcgung, die von Akne, Pigmentierung, Falten, unerw\u00fcnschten Haaren oder Dehnungsstreifen geplagt sind. Vereinbaren Sie einen Termin f\u00fcr eine Laserbehandlung.","robots":{"index":"index","follow":"follow","max-snippet":"max-snippet:-1","max-image-preview":"max-image-preview:large","max-video-preview":"max-video-preview:-1"},"canonical":"https:\/\/esthetic.sk\/de\/aktionen\/laser-eingriffe\/","og_locale":"de_DE","og_type":"article","og_title":"| Epilation | Akne | Dehnungsstreifen | Esthetic Bratislava","og_description":"Laserbehandlungen stehen allen unseren Kundinnen zur Verf\u00fcgung, die von Akne, Pigmentierung, Falten, unerw\u00fcnschten Haaren oder Dehnungsstreifen geplagt sind. Vereinbaren Sie einen Termin f\u00fcr eine Laserbehandlung.","og_url":"https:\/\/esthetic.sk\/de\/aktionen\/laser-eingriffe\/","og_site_name":"Esthetic Bratislava","article_publisher":"https:\/\/www.facebook.com\/Klinikaesthetic","article_published_time":"2024-04-16T18:43:45+00:00","author":"martin","twitter_card":"summary_large_image","twitter_misc":{"Verfasst von":"martin"},"schema":{"@context":"https:\/\/schema.org","@graph":[{"@type":"Article","@id":"https:\/\/esthetic.sk\/de\/aktionen\/laser-eingriffe\/#article","isPartOf":{"@id":"https:\/\/esthetic.sk\/de\/aktionen\/laser-eingriffe\/"},"author":{"name":"martin","@id":"https:\/\/esthetic.sk\/#\/schema\/person\/345d9579357cc0db1ce9265f069e535f"},"headline":"LASER-EINGRIFFE","datePublished":"2024-04-16T18:43:45+00:00","dateModified":"2024-04-16T18:43:45+00:00","mainEntityOfPage":{"@id":"https:\/\/esthetic.sk\/de\/aktionen\/laser-eingriffe\/"},"wordCount":52,"commentCount":0,"publisher":{"@id":"https:\/\/esthetic.sk\/#organization"},"articleSection":["Aktionen"],"inLanguage":"de","potentialAction":[{"@type":"CommentAction","name":"Comment","target":["https:\/\/esthetic.sk\/de\/aktionen\/laser-eingriffe\/#respond"]}]},{"@type":"WebPage","@id":"https:\/\/esthetic.sk\/de\/aktionen\/laser-eingriffe\/","url":"https:\/\/esthetic.sk\/de\/aktionen\/laser-eingriffe\/","name":"| Epilation | Akne | Dehnungsstreifen | Esthetic Bratislava","isPartOf":{"@id":"https:\/\/esthetic.sk\/#website"},"datePublished":"2024-04-16T18:43:45+00:00","dateModified":"2024-04-16T18:43:45+00:00","description":"Laserbehandlungen stehen allen unseren Kundinnen zur Verf\u00fcgung, die von Akne, Pigmentierung, Falten, unerw\u00fcnschten Haaren oder Dehnungsstreifen geplagt sind. Vereinbaren Sie einen Termin f\u00fcr eine Laserbehandlung.","breadcrumb":{"@id":"https:\/\/esthetic.sk\/de\/aktionen\/laser-eingriffe\/#breadcrumb"},"inLanguage":"de","potentialAction":[{"@type":"ReadAction","target":["https:\/\/esthetic.sk\/de\/aktionen\/laser-eingriffe\/"]}]},{"@type":"BreadcrumbList","@id":"https:\/\/esthetic.sk\/de\/aktionen\/laser-eingriffe\/#breadcrumb","itemListElement":[{"@type":"ListItem","position":1,"name":"Home","item":"https:\/\/esthetic.sk\/"},{"@type":"ListItem","position":2,"name":"LASER-EINGRIFFE"}]},{"@type":"WebSite","@id":"https:\/\/esthetic.sk\/#website","url":"https:\/\/esthetic.sk\/","name":"Esthetic Bratislava","description":"R\u00fdchla cesta k dokonal\u00e9mu vz\u013eadu","publisher":{"@id":"https:\/\/esthetic.sk\/#organization"},"potentialAction":[{"@type":"SearchAction","target":{"@type":"EntryPoint","urlTemplate":"https:\/\/esthetic.sk\/?s={search_term_string}"},"query-input":{"@type":"PropertyValueSpecification","valueRequired":true,"valueName":"search_term_string"}}],"inLanguage":"de"},{"@type":"Organization","@id":"https:\/\/esthetic.sk\/#organization","name":"Esthetic .s.r.o.","url":"https:\/\/esthetic.sk\/","logo":{"@type":"ImageObject","inLanguage":"de","@id":"https:\/\/esthetic.sk\/#\/schema\/logo\/image\/","url":"https:\/\/esthetic.sk\/wp-content\/uploads\/2019\/02\/logo-1.svg","contentUrl":"https:\/\/esthetic.sk\/wp-content\/uploads\/2019\/02\/logo-1.svg","width":1,"height":1,"caption":"Esthetic .s.r.o."},"image":{"@id":"https:\/\/esthetic.sk\/#\/schema\/logo\/image\/"},"sameAs":["https:\/\/www.facebook.com\/Klinikaesthetic","https:\/\/www.instagram.com\/klinikaesthetic\/","https:\/\/www.youtube.com\/channel\/UC8AgtXNjHpne8qWdj9szu1A"]},{"@type":"Person","@id":"https:\/\/esthetic.sk\/#\/schema\/person\/345d9579357cc0db1ce9265f069e535f","name":"martin","image":{"@type":"ImageObject","inLanguage":"de","@id":"https:\/\/esthetic.sk\/#\/schema\/person\/image\/","url":"https:\/\/secure.gravatar.com\/avatar\/027b15c6c285c23386b7a2e12376d593?s=96&d=mm&r=g","contentUrl":"https:\/\/secure.gravatar.com\/avatar\/027b15c6c285c23386b7a2e12376d593?s=96&d=mm&r=g","caption":"martin"},"url":"https:\/\/esthetic.sk\/de\/author\/martin\/"}]}},"_links":{"self":[{"href":"https:\/\/esthetic.sk\/de\/wp-json\/wp\/v2\/posts\/6056"}],"collection":[{"href":"https:\/\/esthetic.sk\/de\/wp-json\/wp\/v2\/posts"}],"about":[{"href":"https:\/\/esthetic.sk\/de\/wp-json\/wp\/v2\/types\/post"}],"author":[{"embeddable":true,"href":"https:\/\/esthetic.sk\/de\/wp-json\/wp\/v2\/users\/1"}],"replies":[{"embeddable":true,"href":"https:\/\/esthetic.sk\/de\/wp-json\/wp\/v2\/comments?post=6056"}],"version-history":[{"count":0,"href":"https:\/\/esthetic.sk\/de\/wp-json\/wp\/v2\/posts\/6056\/revisions"}],"wp:attachment":[{"href":"https:\/\/esthetic.sk\/de\/wp-json\/wp\/v2\/media?parent=6056"}],"wp:term":[{"taxonomy":"category","embeddable":true,"href":"https:\/\/esthetic.sk\/de\/wp-json\/wp\/v2\/categories?post=6056"},{"taxonomy":"post_tag","embeddable":true,"href":"https:\/\/esthetic.sk\/de\/wp-json\/wp\/v2\/tags?post=6056"}],"curies":[{"name":"wp","href":"https:\/\/api.w.org\/{rel}","templated":true}]}}